{"id":9890,"date":"2021-02-11T07:12:20","date_gmt":"2021-02-11T10:12:20","guid":{"rendered":"https:\/\/wandilsonramalho.com.br\/blog\/?p=9890"},"modified":"2021-02-11T07:15:42","modified_gmt":"2021-02-11T10:15:42","slug":"francisco-justino-de-medeiros-partiu-deu-adeus-ao-mundo","status":"publish","type":"post","link":"https:\/\/wandilsonramalho.com.br\/blog\/?p=9890","title":{"rendered":"FRANCISCO JUSTINO DE MEDEIROS , PARTIU, DEU ADEUS AO MUNDO"},"content":{"rendered":"\n<p>O meu cunhado Francisco Justino de Medeiros , se despediu , partiu para sempre , recebeu o chamado do Pai. Ele era casado com minha irm\u00e3 Antonia (mais conhecida por Mimo ). <\/p>\n\n\n\n<p>As 4h30 m de hoje, parou seu cora\u00e7\u00e3o &#8230;<\/p>\n\n\n\n<p>Para a esposa Mimo, para os filhos Medeiros , Ana Sandra e Arilene o nosso abra\u00e7o .<\/p>\n\n\n\n<p>Para os genros, noras , netos e demais familiares nossos sentimentos .<\/p>\n\n\n\n<p>Para Chico nossa ora\u00e7\u00e3o silenciosa .<\/p>\n\n\n\n<p>Partiu, nunca mais ..<\/p>\n","protected":false},"excerpt":{"rendered":"<p>O meu cunhado Francisco Justino de Medeiros , se despediu , partiu para sempre , recebeu o chamado do Pai. Ele era casado com minha irm\u00e3 Antonia (mais conhecida por Mimo ). As 4h30 m de hoje, parou seu cora\u00e7\u00e3o &#8230; Para a esposa Mimo, para os filhos Medeiros , Ana Sandra e Arilene o <a href=\"https:\/\/wandilsonramalho.com.br\/blog\/?p=9890\">&#8230;<\/a><\/p>\n","protected":false},"author":2,"featured_media":9891,"comment_status":"open","ping_status":"open","sticky":false,"template":"","format":"standard","meta":{"_jetpack_memberships_contains_paid_content":false,"footnotes":""},"categories":[1],"tags":[],"class_list":["post-9890","post","type-post","status-publish","format-standard","has-post-thumbnail","hentry","category-uncategorized"],"jetpack_featured_media_url":"https:\/\/i0.wp.com\/wandilsonramalho.com.br\/blog\/wp-content\/uploads\/2021\/02\/MBS_7674-Copy.jpg?fit=378%2C526&ssl=1","jetpack_sharing_enabled":true,"_links":{"self":[{"href":"https:\/\/wandilsonramalho.com.br\/blog\/index.php?rest_route=\/wp\/v2\/posts\/9890","targetHints":{"allow":["GET"]}}],"collection":[{"href":"https:\/\/wandilsonramalho.com.br\/blog\/index.php?rest_route=\/wp\/v2\/posts"}],"about":[{"href":"https:\/\/wandilsonramalho.com.br\/blog\/index.php?rest_route=\/wp\/v2\/types\/post"}],"author":[{"embeddable":true,"href":"https:\/\/wandilsonramalho.com.br\/blog\/index.php?rest_route=\/wp\/v2\/users\/2"}],"replies":[{"embeddable":true,"href":"https:\/\/wandilsonramalho.com.br\/blog\/index.php?rest_route=%2Fwp%2Fv2%2Fcomments&post=9890"}],"version-history":[{"count":2,"href":"https:\/\/wandilsonramalho.com.br\/blog\/index.php?rest_route=\/wp\/v2\/posts\/9890\/revisions"}],"predecessor-version":[{"id":9894,"href":"https:\/\/wandilsonramalho.com.br\/blog\/index.php?rest_route=\/wp\/v2\/posts\/9890\/revisions\/9894"}],"wp:featuredmedia":[{"embeddable":true,"href":"https:\/\/wandilsonramalho.com.br\/blog\/index.php?rest_route=\/wp\/v2\/media\/9891"}],"wp:attachment":[{"href":"https:\/\/wandilsonramalho.com.br\/blog\/index.php?rest_route=%2Fwp%2Fv2%2Fmedia&parent=9890"}],"wp:term":[{"taxonomy":"category","embeddable":true,"href":"https:\/\/wandilsonramalho.com.br\/blog\/index.php?rest_route=%2Fwp%2Fv2%2Fcategories&post=9890"},{"taxonomy":"post_tag","embeddable":true,"href":"https:\/\/wandilsonramalho.com.br\/blog\/index.php?rest_route=%2Fwp%2Fv2%2Ftags&post=9890"}],"curies":[{"name":"wp","href":"https:\/\/api.w.org\/{rel}","templated":true}]}}