{"id":9880,"date":"2021-02-09T09:53:00","date_gmt":"2021-02-09T12:53:00","guid":{"rendered":"https:\/\/wandilsonramalho.com.br\/blog\/?p=9880"},"modified":"2021-02-09T09:53:09","modified_gmt":"2021-02-09T12:53:09","slug":"a-vida-e-um-sopro","status":"publish","type":"post","link":"https:\/\/wandilsonramalho.com.br\/blog\/?p=9880","title":{"rendered":"A vida \u00e9 um sopro !!"},"content":{"rendered":"\n<p>ONTEM E HOJE, DOIS CARAUBENSES DERAM ADEUS AO MUNDO !!<\/p>\n\n\n\n<p>Miseric\u00f3rdia Senhor !!<br>Semana passada , a professora Ivanete de Medeiros Dantas ..andou , viveu, sentiu dor, conversou e ontem partiu para sempre..<\/p>\n\n\n\n<p>Quem partiu ? Uma m\u00e3e , irm\u00e3 , esposa , filha , amiga, vizinha ..maravilhosa !!<\/p>\n\n\n\n<p>Senhor, Senhor!!<br>Ontem, Jovanildo Fernandes , resolveu tudo, andou , conversou ..viveu &#8230;dormiu e, n\u00e3o mais deu bom dia a sua familia ..esposa filhos, irm\u00e3s ..amigos .vizinhos ..Ele, um homem de bem, \u00edntegro, amigo, educado..um grande caraubense.<\/p>\n\n\n\n<p>Ontem e hoje , Cara\u00fabas ficou de luto ..<\/p>\n\n\n\n<p>Dois caraubenses de bem, ainda em fase de viver uma vida em paz, nesta terra se despediram para sempre ..Nunca mais !!<br>Como disse Rubem Alves &#8220;A morte \u00e9 sempre um mergulho no abandono &#8220;.<\/p>\n\n\n\n<p>Os nossos abra\u00e7os para os familiares das duas familiares <\/p>\n\n\n\n<p>Para Vanda e Jovanildo que Deus tranquilize as suas almas.<\/p>\n\n\n\n<figure class=\"wp-block-image size-large\"><img data-recalc-dims=\"1\" fetchpriority=\"high\" decoding=\"async\" width=\"500\" height=\"447\" src=\"https:\/\/i0.wp.com\/wandilsonramalho.com.br\/blog\/wp-content\/uploads\/2021\/02\/18278763_UGiLO.jpeg?resize=500%2C447&#038;ssl=1\" alt=\"\" class=\"wp-image-9881\"\/><\/figure>\n","protected":false},"excerpt":{"rendered":"<p>ONTEM E HOJE, DOIS CARAUBENSES DERAM ADEUS AO MUNDO !! Miseric\u00f3rdia Senhor !!Semana passada , a professora Ivanete de Medeiros Dantas ..andou , viveu, sentiu dor, conversou e ontem partiu para sempre.. Quem partiu ? Uma m\u00e3e , irm\u00e3 , esposa , filha , amiga, vizinha ..maravilhosa !! Senhor, Senhor!!Ontem, Jovanildo Fernandes , resolveu tudo, <a href=\"https:\/\/wandilsonramalho.com.br\/blog\/?p=9880\">&#8230;<\/a><\/p>\n","protected":false},"author":2,"featured_media":9881,"comment_status":"open","ping_status":"open","sticky":false,"template":"","format":"standard","meta":{"_jetpack_memberships_contains_paid_content":false,"footnotes":""},"categories":[38],"tags":[],"class_list":["post-9880","post","type-post","status-publish","format-standard","has-post-thumbnail","hentry","category-especiais"],"jetpack_featured_media_url":"https:\/\/i0.wp.com\/wandilsonramalho.com.br\/blog\/wp-content\/uploads\/2021\/02\/18278763_UGiLO.jpeg?fit=500%2C447&ssl=1","jetpack_sharing_enabled":true,"_links":{"self":[{"href":"https:\/\/wandilsonramalho.com.br\/blog\/index.php?rest_route=\/wp\/v2\/posts\/9880","targetHints":{"allow":["GET"]}}],"collection":[{"href":"https:\/\/wandilsonramalho.com.br\/blog\/index.php?rest_route=\/wp\/v2\/posts"}],"about":[{"href":"https:\/\/wandilsonramalho.com.br\/blog\/index.php?rest_route=\/wp\/v2\/types\/post"}],"author":[{"embeddable":true,"href":"https:\/\/wandilsonramalho.com.br\/blog\/index.php?rest_route=\/wp\/v2\/users\/2"}],"replies":[{"embeddable":true,"href":"https:\/\/wandilsonramalho.com.br\/blog\/index.php?rest_route=%2Fwp%2Fv2%2Fcomments&post=9880"}],"version-history":[{"count":2,"href":"https:\/\/wandilsonramalho.com.br\/blog\/index.php?rest_route=\/wp\/v2\/posts\/9880\/revisions"}],"predecessor-version":[{"id":9884,"href":"https:\/\/wandilsonramalho.com.br\/blog\/index.php?rest_route=\/wp\/v2\/posts\/9880\/revisions\/9884"}],"wp:featuredmedia":[{"embeddable":true,"href":"https:\/\/wandilsonramalho.com.br\/blog\/index.php?rest_route=\/wp\/v2\/media\/9881"}],"wp:attachment":[{"href":"https:\/\/wandilsonramalho.com.br\/blog\/index.php?rest_route=%2Fwp%2Fv2%2Fmedia&parent=9880"}],"wp:term":[{"taxonomy":"category","embeddable":true,"href":"https:\/\/wandilsonramalho.com.br\/blog\/index.php?rest_route=%2Fwp%2Fv2%2Fcategories&post=9880"},{"taxonomy":"post_tag","embeddable":true,"href":"https:\/\/wandilsonramalho.com.br\/blog\/index.php?rest_route=%2Fwp%2Fv2%2Ftags&post=9880"}],"curies":[{"name":"wp","href":"https:\/\/api.w.org\/{rel}","templated":true}]}}