{"id":9852,"date":"2021-02-09T01:36:00","date_gmt":"2021-02-09T04:36:00","guid":{"rendered":"https:\/\/wandilsonramalho.com.br\/blog\/?p=9852"},"modified":"2021-02-08T20:39:52","modified_gmt":"2021-02-08T23:39:52","slug":"bloquinho-do-espaco-df","status":"publish","type":"post","link":"https:\/\/wandilsonramalho.com.br\/blog\/?p=9852","title":{"rendered":"BLOQUINHO DO ESPA\u00c7O DF."},"content":{"rendered":"\n<p>O Bloquinho + anivers\u00e1rio do Espa\u00e7o DF ser\u00e1 diferente. <\/p>\n\n\n\n<p>Devido a pandemia a empresaria Denise Fernandes celebrando os cinco anos desta loja.<\/p>\n\n\n\n<p> Nos anos anteriores a cada\u00a0 in\u00edcio de fevereiro ela celebrava em forma de um bloquinho de carnaval, na oportunidade apresentava\u00a0 a cole\u00e7\u00e3o nova dos nossos jeans (afinal, a data combina perfeitamente com a pe\u00e7a mais vers\u00e1til do mundo) e reunia\u00a0 as clientes, amigas, fam\u00edlia, seguidores. Era momento de muita alegria , muitos encontros felizes .<\/p>\n\n\n\n<p>Esse ano, devido a pandemia n\u00e3o acontecer\u00e1 , mas convida a partir de hoje \u00e0s 8 horas toda a sua clientela\u00a0 para conferir a nova cole\u00e7\u00e3o.<\/p>\n\n\n\n<p>Ent\u00e3o, todos convidados .<\/p>\n","protected":false},"excerpt":{"rendered":"<p>O Bloquinho + anivers\u00e1rio do Espa\u00e7o DF ser\u00e1 diferente. Devido a pandemia a empresaria Denise Fernandes celebrando os cinco anos desta loja. Nos anos anteriores a cada\u00a0 in\u00edcio de fevereiro ela celebrava em forma de um bloquinho de carnaval, na oportunidade apresentava\u00a0 a cole\u00e7\u00e3o nova dos nossos jeans (afinal, a data combina perfeitamente com a <a href=\"https:\/\/wandilsonramalho.com.br\/blog\/?p=9852\">&#8230;<\/a><\/p>\n","protected":false},"author":2,"featured_media":9853,"comment_status":"open","ping_status":"open","sticky":false,"template":"","format":"standard","meta":{"_jetpack_memberships_contains_paid_content":false,"footnotes":""},"categories":[38],"tags":[],"class_list":["post-9852","post","type-post","status-publish","format-standard","has-post-thumbnail","hentry","category-especiais"],"jetpack_featured_media_url":"https:\/\/i0.wp.com\/wandilsonramalho.com.br\/blog\/wp-content\/uploads\/2021\/02\/f02-denise-fernanda.jpg?fit=720%2C679&ssl=1","jetpack_sharing_enabled":true,"_links":{"self":[{"href":"https:\/\/wandilsonramalho.com.br\/blog\/index.php?rest_route=\/wp\/v2\/posts\/9852","targetHints":{"allow":["GET"]}}],"collection":[{"href":"https:\/\/wandilsonramalho.com.br\/blog\/index.php?rest_route=\/wp\/v2\/posts"}],"about":[{"href":"https:\/\/wandilsonramalho.com.br\/blog\/index.php?rest_route=\/wp\/v2\/types\/post"}],"author":[{"embeddable":true,"href":"https:\/\/wandilsonramalho.com.br\/blog\/index.php?rest_route=\/wp\/v2\/users\/2"}],"replies":[{"embeddable":true,"href":"https:\/\/wandilsonramalho.com.br\/blog\/index.php?rest_route=%2Fwp%2Fv2%2Fcomments&post=9852"}],"version-history":[{"count":1,"href":"https:\/\/wandilsonramalho.com.br\/blog\/index.php?rest_route=\/wp\/v2\/posts\/9852\/revisions"}],"predecessor-version":[{"id":9854,"href":"https:\/\/wandilsonramalho.com.br\/blog\/index.php?rest_route=\/wp\/v2\/posts\/9852\/revisions\/9854"}],"wp:featuredmedia":[{"embeddable":true,"href":"https:\/\/wandilsonramalho.com.br\/blog\/index.php?rest_route=\/wp\/v2\/media\/9853"}],"wp:attachment":[{"href":"https:\/\/wandilsonramalho.com.br\/blog\/index.php?rest_route=%2Fwp%2Fv2%2Fmedia&parent=9852"}],"wp:term":[{"taxonomy":"category","embeddable":true,"href":"https:\/\/wandilsonramalho.com.br\/blog\/index.php?rest_route=%2Fwp%2Fv2%2Fcategories&post=9852"},{"taxonomy":"post_tag","embeddable":true,"href":"https:\/\/wandilsonramalho.com.br\/blog\/index.php?rest_route=%2Fwp%2Fv2%2Ftags&post=9852"}],"curies":[{"name":"wp","href":"https:\/\/api.w.org\/{rel}","templated":true}]}}