{"id":9848,"date":"2021-02-09T01:34:00","date_gmt":"2021-02-09T04:34:00","guid":{"rendered":"https:\/\/wandilsonramalho.com.br\/blog\/?p=9848"},"modified":"2021-02-08T20:36:33","modified_gmt":"2021-02-08T23:36:33","slug":"reabertura-das-atividades-do-seminario-de-santa-terezinha-mossoro","status":"publish","type":"post","link":"https:\/\/wandilsonramalho.com.br\/blog\/?p=9848","title":{"rendered":"REABERTURA DAS ATIVIDADES DO SEMIN\u00c1RIO DE SANTA TEREZINHA -MOSSOR\u00d3."},"content":{"rendered":"\n<p>O Semin\u00e1rio Santa Teresinha domingo 07\u00a0 realizou a abertura \u00a0das atividades anuais do Semin\u00e1rio \u00e0s 11h,na Santa Missa\u00a0 presidida pelo Bispo Diocesano, Dom Mariano Manzana e \u00a0concelebrada pelo reitor do Semin\u00e1rio, Padre Francisco Crisanto, pelo orientador espiritual do Semin\u00e1rio, Pe Jo\u00e3o Batista, Di\u00e1cono Francisco Isaias da Costa na Catedral de Santa Luzia de Mossor\u00f3 com o rito de Admiss\u00e3o \u00e0s Ordens Sacras de 05 seminaristas e acolhida aos novos seminaristas as boas-vindas a todos que disseram sim \u00a0\u00a0para fazer a experi\u00eancia do discernimento da voca\u00e7\u00e3o.<\/p>\n\n\n\n<p> S\u00e3o eles \u00a0Francisco Gabriel da Silva &#8211; Severiano Melo\/RN,Alfredo Leonardo Fernandes \u2013 Martins\/RN, Anderson Monteiro Ara\u00fajo &#8211; Rodolfo Fernandes\/RN , Maciel Ant\u00f4nio da Silva &#8211; Palmeira dos \u00cdndios\/AL e o caraubense J\u00falio Cezar Fernandes Marques.<\/p>\n\n\n\n<p>Muitos louvores a Deus.<\/p>\n","protected":false},"excerpt":{"rendered":"<p>O Semin\u00e1rio Santa Teresinha domingo 07\u00a0 realizou a abertura \u00a0das atividades anuais do Semin\u00e1rio \u00e0s 11h,na Santa Missa\u00a0 presidida pelo Bispo Diocesano, Dom Mariano Manzana e \u00a0concelebrada pelo reitor do Semin\u00e1rio, Padre Francisco Crisanto, pelo orientador espiritual do Semin\u00e1rio, Pe Jo\u00e3o Batista, Di\u00e1cono Francisco Isaias da Costa na Catedral de Santa Luzia de Mossor\u00f3 com <a href=\"https:\/\/wandilsonramalho.com.br\/blog\/?p=9848\">&#8230;<\/a><\/p>\n","protected":false},"author":2,"featured_media":9849,"comment_status":"open","ping_status":"open","sticky":false,"template":"","format":"standard","meta":{"_jetpack_memberships_contains_paid_content":false,"footnotes":""},"categories":[38],"tags":[],"class_list":["post-9848","post","type-post","status-publish","format-standard","has-post-thumbnail","hentry","category-especiais"],"jetpack_featured_media_url":"https:\/\/i0.wp.com\/wandilsonramalho.com.br\/blog\/wp-content\/uploads\/2021\/02\/f01-bispo.jpg?fit=1080%2C886&ssl=1","jetpack_sharing_enabled":true,"_links":{"self":[{"href":"https:\/\/wandilsonramalho.com.br\/blog\/index.php?rest_route=\/wp\/v2\/posts\/9848","targetHints":{"allow":["GET"]}}],"collection":[{"href":"https:\/\/wandilsonramalho.com.br\/blog\/index.php?rest_route=\/wp\/v2\/posts"}],"about":[{"href":"https:\/\/wandilsonramalho.com.br\/blog\/index.php?rest_route=\/wp\/v2\/types\/post"}],"author":[{"embeddable":true,"href":"https:\/\/wandilsonramalho.com.br\/blog\/index.php?rest_route=\/wp\/v2\/users\/2"}],"replies":[{"embeddable":true,"href":"https:\/\/wandilsonramalho.com.br\/blog\/index.php?rest_route=%2Fwp%2Fv2%2Fcomments&post=9848"}],"version-history":[{"count":2,"href":"https:\/\/wandilsonramalho.com.br\/blog\/index.php?rest_route=\/wp\/v2\/posts\/9848\/revisions"}],"predecessor-version":[{"id":9851,"href":"https:\/\/wandilsonramalho.com.br\/blog\/index.php?rest_route=\/wp\/v2\/posts\/9848\/revisions\/9851"}],"wp:featuredmedia":[{"embeddable":true,"href":"https:\/\/wandilsonramalho.com.br\/blog\/index.php?rest_route=\/wp\/v2\/media\/9849"}],"wp:attachment":[{"href":"https:\/\/wandilsonramalho.com.br\/blog\/index.php?rest_route=%2Fwp%2Fv2%2Fmedia&parent=9848"}],"wp:term":[{"taxonomy":"category","embeddable":true,"href":"https:\/\/wandilsonramalho.com.br\/blog\/index.php?rest_route=%2Fwp%2Fv2%2Fcategories&post=9848"},{"taxonomy":"post_tag","embeddable":true,"href":"https:\/\/wandilsonramalho.com.br\/blog\/index.php?rest_route=%2Fwp%2Fv2%2Ftags&post=9848"}],"curies":[{"name":"wp","href":"https:\/\/api.w.org\/{rel}","templated":true}]}}