{"id":9620,"date":"2021-01-22T17:08:09","date_gmt":"2021-01-22T20:08:09","guid":{"rendered":"https:\/\/wandilsonramalho.com.br\/blog\/?p=9620"},"modified":"2021-01-22T17:08:12","modified_gmt":"2021-01-22T20:08:12","slug":"tremores-de-terra-na-terra-de-sao-sebastiao","status":"publish","type":"post","link":"https:\/\/wandilsonramalho.com.br\/blog\/?p=9620","title":{"rendered":"tremores de terra na terra de s\u00e3o sebasti\u00e3o .."},"content":{"rendered":"\n<p>Tremores de terra em nossa terrinha  com magnitude at\u00e9  1.5 foram registrados.<\/p>\n\n\n\n<p>O abalo s\u00edsmico \u00e9 claro que assustou  toda a popula\u00e7\u00e3o de Cara\u00fabas .<\/p>\n\n\n\n<p>Al\u00e9m dos medos do covid-19 , vem esses abalos ..<\/p>\n\n\n\n<p>Precisa de muita ora\u00e7\u00e3o ..Ora\u00e7\u00e3o forte .<\/p>\n\n\n\n<p>Foto Blog do BG ..<\/p>\n\n\n\n\n\n\n\n\n\n\n\n\n\n\n\n<p><strong>.<\/strong><\/p>\n","protected":false},"excerpt":{"rendered":"<p>Tremores de terra em nossa terrinha com magnitude at\u00e9 1.5 foram registrados. O abalo s\u00edsmico \u00e9 claro que assustou toda a popula\u00e7\u00e3o de Cara\u00fabas . Al\u00e9m dos medos do covid-19 , vem esses abalos .. Precisa de muita ora\u00e7\u00e3o ..Ora\u00e7\u00e3o forte . Foto Blog do BG .. . <a href=\"https:\/\/wandilsonramalho.com.br\/blog\/?p=9620\">&#8230;<\/a><\/p>\n","protected":false},"author":2,"featured_media":9621,"comment_status":"open","ping_status":"open","sticky":false,"template":"","format":"standard","meta":{"_jetpack_memberships_contains_paid_content":false,"footnotes":""},"categories":[18],"tags":[],"class_list":["post-9620","post","type-post","status-publish","format-standard","has-post-thumbnail","hentry","category-caraubas"],"jetpack_featured_media_url":"https:\/\/i0.wp.com\/wandilsonramalho.com.br\/blog\/wp-content\/uploads\/2021\/01\/mapa_RN20190314-1.png?fit=1390%2C914&ssl=1","jetpack_sharing_enabled":true,"_links":{"self":[{"href":"https:\/\/wandilsonramalho.com.br\/blog\/index.php?rest_route=\/wp\/v2\/posts\/9620","targetHints":{"allow":["GET"]}}],"collection":[{"href":"https:\/\/wandilsonramalho.com.br\/blog\/index.php?rest_route=\/wp\/v2\/posts"}],"about":[{"href":"https:\/\/wandilsonramalho.com.br\/blog\/index.php?rest_route=\/wp\/v2\/types\/post"}],"author":[{"embeddable":true,"href":"https:\/\/wandilsonramalho.com.br\/blog\/index.php?rest_route=\/wp\/v2\/users\/2"}],"replies":[{"embeddable":true,"href":"https:\/\/wandilsonramalho.com.br\/blog\/index.php?rest_route=%2Fwp%2Fv2%2Fcomments&post=9620"}],"version-history":[{"count":1,"href":"https:\/\/wandilsonramalho.com.br\/blog\/index.php?rest_route=\/wp\/v2\/posts\/9620\/revisions"}],"predecessor-version":[{"id":9622,"href":"https:\/\/wandilsonramalho.com.br\/blog\/index.php?rest_route=\/wp\/v2\/posts\/9620\/revisions\/9622"}],"wp:featuredmedia":[{"embeddable":true,"href":"https:\/\/wandilsonramalho.com.br\/blog\/index.php?rest_route=\/wp\/v2\/media\/9621"}],"wp:attachment":[{"href":"https:\/\/wandilsonramalho.com.br\/blog\/index.php?rest_route=%2Fwp%2Fv2%2Fmedia&parent=9620"}],"wp:term":[{"taxonomy":"category","embeddable":true,"href":"https:\/\/wandilsonramalho.com.br\/blog\/index.php?rest_route=%2Fwp%2Fv2%2Fcategories&post=9620"},{"taxonomy":"post_tag","embeddable":true,"href":"https:\/\/wandilsonramalho.com.br\/blog\/index.php?rest_route=%2Fwp%2Fv2%2Ftags&post=9620"}],"curies":[{"name":"wp","href":"https:\/\/api.w.org\/{rel}","templated":true}]}}