{"id":9592,"date":"2021-01-20T09:05:36","date_gmt":"2021-01-20T12:05:36","guid":{"rendered":"https:\/\/wandilsonramalho.com.br\/blog\/?p=9592"},"modified":"2021-01-20T09:05:38","modified_gmt":"2021-01-20T12:05:38","slug":"missa-solene-festa-de-sao-sebastiao-caraubas-rn","status":"publish","type":"post","link":"https:\/\/wandilsonramalho.com.br\/blog\/?p=9592","title":{"rendered":"Missa solene festa de s\u00e3o sebasti\u00e3o -cara\u00fabas \/rn."},"content":{"rendered":"\n<p>&#8220;A Eucaristia \u00e9 a minha estrada para o c\u00e9u&#8221; , Disse Carlo Acutis ..<\/p>\n\n\n\n<p>Hoje, no encerramento da festa a Missa Solene ..<\/p>\n\n\n\n<p>Missa com transmiss\u00e3o: YouTube e Facebook da Par\u00f3quia; R\u00e1dio Rural de Mossor\u00f3 e Canal do assinante TCM Telecom (1 ou 20.7)<\/p>\n","protected":false},"excerpt":{"rendered":"<p>&#8220;A Eucaristia \u00e9 a minha estrada para o c\u00e9u&#8221; , Disse Carlo Acutis .. Hoje, no encerramento da festa a Missa Solene .. Missa com transmiss\u00e3o: YouTube e Facebook da Par\u00f3quia; R\u00e1dio Rural de Mossor\u00f3 e Canal do assinante TCM Telecom (1 ou 20.7) <a href=\"https:\/\/wandilsonramalho.com.br\/blog\/?p=9592\">&#8230;<\/a><\/p>\n","protected":false},"author":2,"featured_media":9593,"comment_status":"open","ping_status":"open","sticky":false,"template":"","format":"standard","meta":{"_jetpack_memberships_contains_paid_content":false,"footnotes":""},"categories":[18],"tags":[],"class_list":["post-9592","post","type-post","status-publish","format-standard","has-post-thumbnail","hentry","category-caraubas"],"jetpack_featured_media_url":"https:\/\/i0.wp.com\/wandilsonramalho.com.br\/blog\/wp-content\/uploads\/2021\/01\/140477450_3813647952032626_1729185742829128314_n.jpg?fit=480%2C480&ssl=1","jetpack_sharing_enabled":true,"_links":{"self":[{"href":"https:\/\/wandilsonramalho.com.br\/blog\/index.php?rest_route=\/wp\/v2\/posts\/9592","targetHints":{"allow":["GET"]}}],"collection":[{"href":"https:\/\/wandilsonramalho.com.br\/blog\/index.php?rest_route=\/wp\/v2\/posts"}],"about":[{"href":"https:\/\/wandilsonramalho.com.br\/blog\/index.php?rest_route=\/wp\/v2\/types\/post"}],"author":[{"embeddable":true,"href":"https:\/\/wandilsonramalho.com.br\/blog\/index.php?rest_route=\/wp\/v2\/users\/2"}],"replies":[{"embeddable":true,"href":"https:\/\/wandilsonramalho.com.br\/blog\/index.php?rest_route=%2Fwp%2Fv2%2Fcomments&post=9592"}],"version-history":[{"count":1,"href":"https:\/\/wandilsonramalho.com.br\/blog\/index.php?rest_route=\/wp\/v2\/posts\/9592\/revisions"}],"predecessor-version":[{"id":9594,"href":"https:\/\/wandilsonramalho.com.br\/blog\/index.php?rest_route=\/wp\/v2\/posts\/9592\/revisions\/9594"}],"wp:featuredmedia":[{"embeddable":true,"href":"https:\/\/wandilsonramalho.com.br\/blog\/index.php?rest_route=\/wp\/v2\/media\/9593"}],"wp:attachment":[{"href":"https:\/\/wandilsonramalho.com.br\/blog\/index.php?rest_route=%2Fwp%2Fv2%2Fmedia&parent=9592"}],"wp:term":[{"taxonomy":"category","embeddable":true,"href":"https:\/\/wandilsonramalho.com.br\/blog\/index.php?rest_route=%2Fwp%2Fv2%2Fcategories&post=9592"},{"taxonomy":"post_tag","embeddable":true,"href":"https:\/\/wandilsonramalho.com.br\/blog\/index.php?rest_route=%2Fwp%2Fv2%2Ftags&post=9592"}],"curies":[{"name":"wp","href":"https:\/\/api.w.org\/{rel}","templated":true}]}}