{"id":9581,"date":"2021-01-20T00:23:00","date_gmt":"2021-01-20T03:23:00","guid":{"rendered":"https:\/\/wandilsonramalho.com.br\/blog\/?p=9581"},"modified":"2021-01-19T23:16:12","modified_gmt":"2021-01-20T02:16:12","slug":"viva-sao-sebastiao","status":"publish","type":"post","link":"https:\/\/wandilsonramalho.com.br\/blog\/?p=9581","title":{"rendered":"VIVA S\u00c3O SEBASTI\u00c3O!!!"},"content":{"rendered":"\n<p>Cara\u00fabas , em festa!!<\/p>\n\n\n\n<p>\u00c8 alegria, \u00e9 louvor, \u00e9 vida ..\u00e9 a festa de S\u00e3o Sebasti\u00e3o ..<\/p>\n\n\n\n<p>\u00c8 a  saudade &#8230; de receber os filhos ilustres ..<\/p>\n\n\n\n<p>De cantar juntos o Hino de S\u00e3o Sebasti\u00e3o .<\/p>\n\n\n\n<p>Das cal\u00e7adas coloridas de gente feliz ..<\/p>\n\n\n\n<p>Da pra\u00e7a de eventos , lotada de pessoas de todas as gera\u00e7\u00f5es ..<\/p>\n\n\n\n<p>Saudade dos abra\u00e7os , daquelas alegres aglomera\u00e7\u00f5es (era alegria incontida ).<\/p>\n\n\n\n<p>Cara\u00fabas , teus filhos que aqui residem ou outras terras em clima orante , na igreja , em casa via as redes sociais longe ou perto  cantando  teu hino , se emocionando na adora\u00e7\u00e3o ao Santissimo Sacramento ,pedindo b\u00ean\u00e7\u00e3os na  Eucaristia clamam pelo fim da pandemia , clamam pela paz no mundo ..<\/p>\n\n\n\n<p>Hoje, dia de S\u00e3o Sebasti\u00e3o , nosso protetor .<\/p>\n\n\n\n<p>Livrai-nos da peste, da \u00a0fome \u00a0e da guerra.<\/p>\n\n\n\n<p>Amarrado numa \u00e1rvore<\/p>\n\n\n\n<p>Floresceu e deu frutos\u00a0<\/p>\n\n\n\n<p>E tuas santas flechas<\/p>\n\n\n\n<p>S\u00e3o raios para o mundo.<\/p>\n\n\n\n<p>Os raios do mundo , chegaram aqui com a chegada das VACINAS que hoje na Matriz filhos desta terra ser\u00e3o vacinados na  tua igreja S\u00e3o Sebasti\u00e3o !!<\/p>\n\n\n\n<p> O que dizer , no teu dia santo guerreiro, os seus raios salvando vidas . \u00d3 gl\u00f3ria !!<\/p>\n\n\n\n<p>E eu pergunto..Quem n\u00e3o se emociona ao cantar teu hino, m\u00e1rtir guerreiro , o hino que diz <\/p>\n\n\n\n<p>&#8220;Oh M\u00e1rtir de Cristo <\/p>\n\n\n\n<p>oh  Santo var\u00e3o<\/p>\n\n\n\n<p>Livrai-nos da Peste S\u00e3o Sebasti\u00e3o. !!<\/p>\n\n\n\n<p>Cara\u00fabas com alegria, sa\u00fada S\u00e3o Sebasti\u00e3o!!<\/p>\n\n\n\n<p>Foto Rierson <\/p>\n\n\n\n\n\n\n\n<p> <\/p>\n\n\n\n\n","protected":false},"excerpt":{"rendered":"<p>Cara\u00fabas , em festa!! \u00c8 alegria, \u00e9 louvor, \u00e9 vida ..\u00e9 a festa de S\u00e3o Sebasti\u00e3o .. \u00c8 a saudade &#8230; de receber os filhos ilustres .. De cantar juntos o Hino de S\u00e3o Sebasti\u00e3o . Das cal\u00e7adas coloridas de gente feliz .. Da pra\u00e7a de eventos , lotada de pessoas de todas as gera\u00e7\u00f5es <a href=\"https:\/\/wandilsonramalho.com.br\/blog\/?p=9581\">&#8230;<\/a><\/p>\n","protected":false},"author":2,"featured_media":9584,"comment_status":"open","ping_status":"open","sticky":false,"template":"","format":"standard","meta":{"_jetpack_memberships_contains_paid_content":false,"footnotes":""},"categories":[18],"tags":[],"class_list":["post-9581","post","type-post","status-publish","format-standard","has-post-thumbnail","hentry","category-caraubas"],"jetpack_featured_media_url":"https:\/\/i0.wp.com\/wandilsonramalho.com.br\/blog\/wp-content\/uploads\/2021\/01\/F02-SAO-SEBASTIAO-IAMGEM-2.jpg?fit=719%2C1280&ssl=1","jetpack_sharing_enabled":true,"_links":{"self":[{"href":"https:\/\/wandilsonramalho.com.br\/blog\/index.php?rest_route=\/wp\/v2\/posts\/9581","targetHints":{"allow":["GET"]}}],"collection":[{"href":"https:\/\/wandilsonramalho.com.br\/blog\/index.php?rest_route=\/wp\/v2\/posts"}],"about":[{"href":"https:\/\/wandilsonramalho.com.br\/blog\/index.php?rest_route=\/wp\/v2\/types\/post"}],"author":[{"embeddable":true,"href":"https:\/\/wandilsonramalho.com.br\/blog\/index.php?rest_route=\/wp\/v2\/users\/2"}],"replies":[{"embeddable":true,"href":"https:\/\/wandilsonramalho.com.br\/blog\/index.php?rest_route=%2Fwp%2Fv2%2Fcomments&post=9581"}],"version-history":[{"count":1,"href":"https:\/\/wandilsonramalho.com.br\/blog\/index.php?rest_route=\/wp\/v2\/posts\/9581\/revisions"}],"predecessor-version":[{"id":9585,"href":"https:\/\/wandilsonramalho.com.br\/blog\/index.php?rest_route=\/wp\/v2\/posts\/9581\/revisions\/9585"}],"wp:featuredmedia":[{"embeddable":true,"href":"https:\/\/wandilsonramalho.com.br\/blog\/index.php?rest_route=\/wp\/v2\/media\/9584"}],"wp:attachment":[{"href":"https:\/\/wandilsonramalho.com.br\/blog\/index.php?rest_route=%2Fwp%2Fv2%2Fmedia&parent=9581"}],"wp:term":[{"taxonomy":"category","embeddable":true,"href":"https:\/\/wandilsonramalho.com.br\/blog\/index.php?rest_route=%2Fwp%2Fv2%2Fcategories&post=9581"},{"taxonomy":"post_tag","embeddable":true,"href":"https:\/\/wandilsonramalho.com.br\/blog\/index.php?rest_route=%2Fwp%2Fv2%2Ftags&post=9581"}],"curies":[{"name":"wp","href":"https:\/\/api.w.org\/{rel}","templated":true}]}}