{"id":9551,"date":"2021-01-19T01:12:00","date_gmt":"2021-01-19T04:12:00","guid":{"rendered":"https:\/\/wandilsonramalho.com.br\/blog\/?p=9551"},"modified":"2021-01-18T14:19:56","modified_gmt":"2021-01-18T17:19:56","slug":"a-tcm-telecom-transmitindo-os-atos-religiosos-da-festa-de-sao-sebastiao","status":"publish","type":"post","link":"https:\/\/wandilsonramalho.com.br\/blog\/?p=9551","title":{"rendered":"A TCM TELECOM TRANSMITINDO OS ATOS RELIGIOSOS DA FESTA DE S\u00c3O SEBASTI\u00c3O .."},"content":{"rendered":"\n<p>A TCM TELECOM fazendo  a cobertura da Festa de S\u00e3o Sebasti\u00e3o em nossa cidade , todas as noites de novenas .Al\u00e9m de registrar a missa de abertura dos festejos religiosos dedicados ao padroeiro S\u00e3o Sebasti\u00e3o .<\/p>\n\n\n\n<p>Amanh\u00e3 20 de janeiro , dia do Santo M\u00e1rtir guerreiro na missa solene presidida por Dom Mariano Manzana \u00e0s 10 horas , tamb\u00e9m ser\u00e1 transmitida (ao vivo).<\/p>\n\n\n\n<p>S\u00e3o\u00a0 Sebasti\u00e3o LIVRAI-nos da peste. \u00a0Amanh\u00e3 toda a Igreja clama \u201cS\u00e3o Sebasti\u00e3o nosso protetor contra a fome, a guerra e a peste,e a peste do mundo \u00e9 o\u00a0 coronav\u00edrus,\u00a0 COVID-19 &#8220;<\/p>\n","protected":false},"excerpt":{"rendered":"<p>A TCM TELECOM fazendo a cobertura da Festa de S\u00e3o Sebasti\u00e3o em nossa cidade , todas as noites de novenas .Al\u00e9m de registrar a missa de abertura dos festejos religiosos dedicados ao padroeiro S\u00e3o Sebasti\u00e3o . Amanh\u00e3 20 de janeiro , dia do Santo M\u00e1rtir guerreiro na missa solene presidida por Dom Mariano Manzana \u00e0s <a href=\"https:\/\/wandilsonramalho.com.br\/blog\/?p=9551\">&#8230;<\/a><\/p>\n","protected":false},"author":2,"featured_media":9553,"comment_status":"open","ping_status":"open","sticky":false,"template":"","format":"standard","meta":{"_jetpack_memberships_contains_paid_content":false,"footnotes":""},"categories":[18],"tags":[],"class_list":["post-9551","post","type-post","status-publish","format-standard","has-post-thumbnail","hentry","category-caraubas"],"jetpack_featured_media_url":"https:\/\/i0.wp.com\/wandilsonramalho.com.br\/blog\/wp-content\/uploads\/2021\/01\/F05-BISPO-1.jpg?fit=599%2C480&ssl=1","jetpack_sharing_enabled":true,"_links":{"self":[{"href":"https:\/\/wandilsonramalho.com.br\/blog\/index.php?rest_route=\/wp\/v2\/posts\/9551","targetHints":{"allow":["GET"]}}],"collection":[{"href":"https:\/\/wandilsonramalho.com.br\/blog\/index.php?rest_route=\/wp\/v2\/posts"}],"about":[{"href":"https:\/\/wandilsonramalho.com.br\/blog\/index.php?rest_route=\/wp\/v2\/types\/post"}],"author":[{"embeddable":true,"href":"https:\/\/wandilsonramalho.com.br\/blog\/index.php?rest_route=\/wp\/v2\/users\/2"}],"replies":[{"embeddable":true,"href":"https:\/\/wandilsonramalho.com.br\/blog\/index.php?rest_route=%2Fwp%2Fv2%2Fcomments&post=9551"}],"version-history":[{"count":2,"href":"https:\/\/wandilsonramalho.com.br\/blog\/index.php?rest_route=\/wp\/v2\/posts\/9551\/revisions"}],"predecessor-version":[{"id":9555,"href":"https:\/\/wandilsonramalho.com.br\/blog\/index.php?rest_route=\/wp\/v2\/posts\/9551\/revisions\/9555"}],"wp:featuredmedia":[{"embeddable":true,"href":"https:\/\/wandilsonramalho.com.br\/blog\/index.php?rest_route=\/wp\/v2\/media\/9553"}],"wp:attachment":[{"href":"https:\/\/wandilsonramalho.com.br\/blog\/index.php?rest_route=%2Fwp%2Fv2%2Fmedia&parent=9551"}],"wp:term":[{"taxonomy":"category","embeddable":true,"href":"https:\/\/wandilsonramalho.com.br\/blog\/index.php?rest_route=%2Fwp%2Fv2%2Fcategories&post=9551"},{"taxonomy":"post_tag","embeddable":true,"href":"https:\/\/wandilsonramalho.com.br\/blog\/index.php?rest_route=%2Fwp%2Fv2%2Ftags&post=9551"}],"curies":[{"name":"wp","href":"https:\/\/api.w.org\/{rel}","templated":true}]}}