{"id":9538,"date":"2021-01-17T09:06:32","date_gmt":"2021-01-17T12:06:32","guid":{"rendered":"https:\/\/wandilsonramalho.com.br\/blog\/?p=9538"},"modified":"2021-01-17T09:06:34","modified_gmt":"2021-01-17T12:06:34","slug":"gratidao-2","status":"publish","type":"post","link":"https:\/\/wandilsonramalho.com.br\/blog\/?p=9538","title":{"rendered":"GRATID\u00c3O"},"content":{"rendered":"\n\n\n\n\n<p>Ficar\u00e3o nas minhas melhores lembran\u00e7as as belas , importantes e fortes mensagens que me tocaram profundamente dia 13 deste pelos 29 anos de r\u00e1dio.<\/p>\n\n\n\n<p>Aos familiares, amigos , via watsap, grupos da soarada, caraubenses, Maju,da Sebasti\u00e3o Gurgel,  R\u00e1dio Lideran\u00e7a FM , Instagram e face.<\/p>\n\n\n\n<p>29 anos de r\u00e1dio \u00e9 uma hist\u00f3ria ..<\/p>\n\n\n\n<p>Que hist\u00f3ria !!<br>Cheia de beleza, dificuldades , alegrias , carinho, amor, sinceridade , paz ..<\/p>\n\n\n\n<p>Para todos minha gratid\u00e3o do tamanho do mundo .<\/p>\n\n\n\n<p>Voc\u00eas fazem parte da minha hist\u00f3ria ..<\/p>\n","protected":false},"excerpt":{"rendered":"<p>Ficar\u00e3o nas minhas melhores lembran\u00e7as as belas , importantes e fortes mensagens que me tocaram profundamente dia 13 deste pelos 29 anos de r\u00e1dio. Aos familiares, amigos , via watsap, grupos da soarada, caraubenses, Maju,da Sebasti\u00e3o Gurgel, R\u00e1dio Lideran\u00e7a FM , Instagram e face. 29 anos de r\u00e1dio \u00e9 uma hist\u00f3ria .. Que hist\u00f3ria !!Cheia <a href=\"https:\/\/wandilsonramalho.com.br\/blog\/?p=9538\">&#8230;<\/a><\/p>\n","protected":false},"author":2,"featured_media":9539,"comment_status":"open","ping_status":"open","sticky":false,"template":"","format":"standard","meta":{"_jetpack_memberships_contains_paid_content":false,"footnotes":""},"categories":[29],"tags":[],"class_list":["post-9538","post","type-post","status-publish","format-standard","has-post-thumbnail","hentry","category-gente-chique"],"jetpack_featured_media_url":"https:\/\/i0.wp.com\/wandilsonramalho.com.br\/blog\/wp-content\/uploads\/2021\/01\/FLOR-2.jpg?fit=720%2C772&ssl=1","jetpack_sharing_enabled":true,"_links":{"self":[{"href":"https:\/\/wandilsonramalho.com.br\/blog\/index.php?rest_route=\/wp\/v2\/posts\/9538","targetHints":{"allow":["GET"]}}],"collection":[{"href":"https:\/\/wandilsonramalho.com.br\/blog\/index.php?rest_route=\/wp\/v2\/posts"}],"about":[{"href":"https:\/\/wandilsonramalho.com.br\/blog\/index.php?rest_route=\/wp\/v2\/types\/post"}],"author":[{"embeddable":true,"href":"https:\/\/wandilsonramalho.com.br\/blog\/index.php?rest_route=\/wp\/v2\/users\/2"}],"replies":[{"embeddable":true,"href":"https:\/\/wandilsonramalho.com.br\/blog\/index.php?rest_route=%2Fwp%2Fv2%2Fcomments&post=9538"}],"version-history":[{"count":1,"href":"https:\/\/wandilsonramalho.com.br\/blog\/index.php?rest_route=\/wp\/v2\/posts\/9538\/revisions"}],"predecessor-version":[{"id":9540,"href":"https:\/\/wandilsonramalho.com.br\/blog\/index.php?rest_route=\/wp\/v2\/posts\/9538\/revisions\/9540"}],"wp:featuredmedia":[{"embeddable":true,"href":"https:\/\/wandilsonramalho.com.br\/blog\/index.php?rest_route=\/wp\/v2\/media\/9539"}],"wp:attachment":[{"href":"https:\/\/wandilsonramalho.com.br\/blog\/index.php?rest_route=%2Fwp%2Fv2%2Fmedia&parent=9538"}],"wp:term":[{"taxonomy":"category","embeddable":true,"href":"https:\/\/wandilsonramalho.com.br\/blog\/index.php?rest_route=%2Fwp%2Fv2%2Fcategories&post=9538"},{"taxonomy":"post_tag","embeddable":true,"href":"https:\/\/wandilsonramalho.com.br\/blog\/index.php?rest_route=%2Fwp%2Fv2%2Ftags&post=9538"}],"curies":[{"name":"wp","href":"https:\/\/api.w.org\/{rel}","templated":true}]}}