{"id":9523,"date":"2021-01-15T08:44:23","date_gmt":"2021-01-15T11:44:23","guid":{"rendered":"https:\/\/wandilsonramalho.com.br\/blog\/?p=9523"},"modified":"2021-01-15T08:44:25","modified_gmt":"2021-01-15T11:44:25","slug":"festa-de-sao-sebastiao-mensagem-de-apolion-rodrigues","status":"publish","type":"post","link":"https:\/\/wandilsonramalho.com.br\/blog\/?p=9523","title":{"rendered":"FESTA DE S\u00c3O SEBASTI\u00c3O -MENSAGEM DE APOLION RODRIGUES"},"content":{"rendered":"\n<p>FESTA DE S\u00c3O SEBASTI\u00c3O 2021<\/p>\n\n\n\n<p>S\u00e3o Sebasti\u00e3o me d\u00ea a m\u00e3o , caminha conosco na tua festa , de 10 a 20 deste , aqui em Cara\u00fabas \/RN, terra de&nbsp; gente feliz ..e que ama e vive intensamente este per\u00edodo ..<\/p>\n\n\n\n<p>Cada um de n\u00f3s tem algo a dizer neste ano at\u00edpico , em que impera o medo ,o&nbsp; distanciamento \u2026Mas,que jamais ficaremos de bra\u00e7os cruzados e n\u00e3o viver a grandiosa festa, com alegria , com f\u00e9 e principalmente clamando vida e \u201csermos vacinados \u201c.<\/p>\n\n\n\n<p>Tica Soares ..<\/p>\n\n\n\n<p>Hoje, a mensagem \u00e9 de:Apolion Rodrigues <\/p>\n\n\n\n<p>Pra mim nossa festa \u00e9 \u00fanica, um momento de encontros e reencontro, boas conversas, ouvir a banda Maestro Joaquim Amancio, participar da arruma\u00e7\u00e3o da igreja de \u00d3 M\u00e1rtir. Enfim \u00e9 tempo de ser feliz. Cara\u00fabas espera o ano inteiro por esse momento, n\u00e3o s\u00f3 n\u00f3s que moramos aqui, e sim os filhos ausentes que v\u00eaem de v\u00e1rios lugares matar as saudades da terrinha. Mesmo sendo um ano at\u00edpico a nossa festa \u00e9 \u00fanica. Vivas a S\u00e3o Sebasti\u00e3o!<\/p>\n","protected":false},"excerpt":{"rendered":"<p>FESTA DE S\u00c3O SEBASTI\u00c3O 2021 S\u00e3o Sebasti\u00e3o me d\u00ea a m\u00e3o , caminha conosco na tua festa , de 10 a 20 deste , aqui em Cara\u00fabas \/RN, terra de&nbsp; gente feliz ..e que ama e vive intensamente este per\u00edodo .. Cada um de n\u00f3s tem algo a dizer neste ano at\u00edpico , em que <a href=\"https:\/\/wandilsonramalho.com.br\/blog\/?p=9523\">&#8230;<\/a><\/p>\n","protected":false},"author":2,"featured_media":9524,"comment_status":"open","ping_status":"open","sticky":false,"template":"","format":"standard","meta":{"_jetpack_memberships_contains_paid_content":false,"footnotes":""},"categories":[18],"tags":[],"class_list":["post-9523","post","type-post","status-publish","format-standard","has-post-thumbnail","hentry","category-caraubas"],"jetpack_featured_media_url":"https:\/\/i0.wp.com\/wandilsonramalho.com.br\/blog\/wp-content\/uploads\/2021\/01\/f04-apolion-1.jpg?fit=422%2C602&ssl=1","jetpack_sharing_enabled":true,"_links":{"self":[{"href":"https:\/\/wandilsonramalho.com.br\/blog\/index.php?rest_route=\/wp\/v2\/posts\/9523","targetHints":{"allow":["GET"]}}],"collection":[{"href":"https:\/\/wandilsonramalho.com.br\/blog\/index.php?rest_route=\/wp\/v2\/posts"}],"about":[{"href":"https:\/\/wandilsonramalho.com.br\/blog\/index.php?rest_route=\/wp\/v2\/types\/post"}],"author":[{"embeddable":true,"href":"https:\/\/wandilsonramalho.com.br\/blog\/index.php?rest_route=\/wp\/v2\/users\/2"}],"replies":[{"embeddable":true,"href":"https:\/\/wandilsonramalho.com.br\/blog\/index.php?rest_route=%2Fwp%2Fv2%2Fcomments&post=9523"}],"version-history":[{"count":1,"href":"https:\/\/wandilsonramalho.com.br\/blog\/index.php?rest_route=\/wp\/v2\/posts\/9523\/revisions"}],"predecessor-version":[{"id":9525,"href":"https:\/\/wandilsonramalho.com.br\/blog\/index.php?rest_route=\/wp\/v2\/posts\/9523\/revisions\/9525"}],"wp:featuredmedia":[{"embeddable":true,"href":"https:\/\/wandilsonramalho.com.br\/blog\/index.php?rest_route=\/wp\/v2\/media\/9524"}],"wp:attachment":[{"href":"https:\/\/wandilsonramalho.com.br\/blog\/index.php?rest_route=%2Fwp%2Fv2%2Fmedia&parent=9523"}],"wp:term":[{"taxonomy":"category","embeddable":true,"href":"https:\/\/wandilsonramalho.com.br\/blog\/index.php?rest_route=%2Fwp%2Fv2%2Fcategories&post=9523"},{"taxonomy":"post_tag","embeddable":true,"href":"https:\/\/wandilsonramalho.com.br\/blog\/index.php?rest_route=%2Fwp%2Fv2%2Ftags&post=9523"}],"curies":[{"name":"wp","href":"https:\/\/api.w.org\/{rel}","templated":true}]}}