{"id":9507,"date":"2021-01-14T07:11:36","date_gmt":"2021-01-14T10:11:36","guid":{"rendered":"https:\/\/wandilsonramalho.com.br\/blog\/?p=9507"},"modified":"2021-01-14T07:11:38","modified_gmt":"2021-01-14T10:11:38","slug":"o-sao-sebastiao-protege-nos","status":"publish","type":"post","link":"https:\/\/wandilsonramalho.com.br\/blog\/?p=9507","title":{"rendered":"\u00d3 S\u00e3o Sebasti\u00e3o, protege-nos"},"content":{"rendered":"\n<p><strong>A festa do nosso padroeiro prossegue com muito louvor , com todos os protocolos tendo em vista a pandemia . Todos os dias , alvorada, missa , adora\u00e7\u00e3o ao Santissimo Sacramento, recita\u00e7\u00e3o do ter\u00e7o , &nbsp;novena, leil\u00e3o virtual muito participativo por caraubenses daqui e que residem em outras terras), &nbsp;quermesse (drivi-Thru e delivery ).O Administrador Paroquial Ikaro Dre\u00e2n ficou feliz com vinda neste per\u00edodo da festa do &nbsp;Padre Glaudio Costa que est\u00e1 de f\u00e9rias e veio passar a festa em sua terra ber\u00e7o .<\/strong><\/p>\n\n\n\n<figure class=\"wp-block-image size-large\"><img data-recalc-dims=\"1\" fetchpriority=\"high\" decoding=\"async\" width=\"480\" height=\"640\" src=\"https:\/\/i0.wp.com\/wandilsonramalho.com.br\/blog\/wp-content\/uploads\/2021\/01\/136988475_3792864317444323_3897975528974491529_n.jpg?resize=480%2C640&#038;ssl=1\" alt=\"\" class=\"wp-image-9517\"\/><\/figure>\n\n\n\n<figure class=\"wp-block-image size-large\"><img data-recalc-dims=\"1\" decoding=\"async\" width=\"800\" height=\"730\" src=\"https:\/\/i0.wp.com\/wandilsonramalho.com.br\/blog\/wp-content\/uploads\/2021\/01\/137295672_1917768588372942_6690828298488950663_o.jpg?resize=800%2C730&#038;ssl=1\" alt=\"\" class=\"wp-image-9519\"\/><\/figure>\n\n\n\n<figure class=\"wp-block-image size-large\"><img data-recalc-dims=\"1\" decoding=\"async\" width=\"845\" height=\"634\" src=\"https:\/\/i0.wp.com\/wandilsonramalho.com.br\/blog\/wp-content\/uploads\/2021\/01\/139019252_3796557137075041_4588261150287032975_n.jpg?resize=845%2C634&#038;ssl=1\" alt=\"\" class=\"wp-image-9520\" srcset=\"https:\/\/i0.wp.com\/wandilsonramalho.com.br\/blog\/wp-content\/uploads\/2021\/01\/139019252_3796557137075041_4588261150287032975_n.jpg?w=960&amp;ssl=1 960w, https:\/\/i0.wp.com\/wandilsonramalho.com.br\/blog\/wp-content\/uploads\/2021\/01\/139019252_3796557137075041_4588261150287032975_n.jpg?resize=768%2C576&amp;ssl=1 768w, https:\/\/i0.wp.com\/wandilsonramalho.com.br\/blog\/wp-content\/uploads\/2021\/01\/139019252_3796557137075041_4588261150287032975_n.jpg?resize=585%2C439&amp;ssl=1 585w\" sizes=\"(max-width: 845px) 100vw, 845px\" \/><\/figure>\n\n\n\n<figure class=\"wp-block-image size-large\"><img data-recalc-dims=\"1\" loading=\"lazy\" decoding=\"async\" width=\"845\" height=\"643\" src=\"https:\/\/i0.wp.com\/wandilsonramalho.com.br\/blog\/wp-content\/uploads\/2021\/01\/138920729_3796557350408353_96901090840915949_n.jpg?resize=845%2C643&#038;ssl=1\" alt=\"\" class=\"wp-image-9521\"\/><\/figure>\n","protected":false},"excerpt":{"rendered":"<p>A festa do nosso padroeiro prossegue com muito louvor , com todos os protocolos tendo em vista a pandemia . Todos os dias , alvorada, missa , adora\u00e7\u00e3o ao Santissimo Sacramento, recita\u00e7\u00e3o do ter\u00e7o , &nbsp;novena, leil\u00e3o virtual muito participativo por caraubenses daqui e que residem em outras terras), &nbsp;quermesse (drivi-Thru e delivery ).O Administrador <a href=\"https:\/\/wandilsonramalho.com.br\/blog\/?p=9507\">&#8230;<\/a><\/p>\n","protected":false},"author":2,"featured_media":9518,"comment_status":"open","ping_status":"open","sticky":false,"template":"","format":"standard","meta":{"_jetpack_memberships_contains_paid_content":false,"footnotes":""},"categories":[1,18],"tags":[],"class_list":["post-9507","post","type-post","status-publish","format-standard","has-post-thumbnail","hentry","category-uncategorized","category-caraubas"],"jetpack_featured_media_url":"https:\/\/i0.wp.com\/wandilsonramalho.com.br\/blog\/wp-content\/uploads\/2021\/01\/139207298_3796556487075106_4950663240866389492_n.jpg?fit=960%2C720&ssl=1","jetpack_sharing_enabled":true,"_links":{"self":[{"href":"https:\/\/wandilsonramalho.com.br\/blog\/index.php?rest_route=\/wp\/v2\/posts\/9507","targetHints":{"allow":["GET"]}}],"collection":[{"href":"https:\/\/wandilsonramalho.com.br\/blog\/index.php?rest_route=\/wp\/v2\/posts"}],"about":[{"href":"https:\/\/wandilsonramalho.com.br\/blog\/index.php?rest_route=\/wp\/v2\/types\/post"}],"author":[{"embeddable":true,"href":"https:\/\/wandilsonramalho.com.br\/blog\/index.php?rest_route=\/wp\/v2\/users\/2"}],"replies":[{"embeddable":true,"href":"https:\/\/wandilsonramalho.com.br\/blog\/index.php?rest_route=%2Fwp%2Fv2%2Fcomments&post=9507"}],"version-history":[{"count":2,"href":"https:\/\/wandilsonramalho.com.br\/blog\/index.php?rest_route=\/wp\/v2\/posts\/9507\/revisions"}],"predecessor-version":[{"id":9522,"href":"https:\/\/wandilsonramalho.com.br\/blog\/index.php?rest_route=\/wp\/v2\/posts\/9507\/revisions\/9522"}],"wp:featuredmedia":[{"embeddable":true,"href":"https:\/\/wandilsonramalho.com.br\/blog\/index.php?rest_route=\/wp\/v2\/media\/9518"}],"wp:attachment":[{"href":"https:\/\/wandilsonramalho.com.br\/blog\/index.php?rest_route=%2Fwp%2Fv2%2Fmedia&parent=9507"}],"wp:term":[{"taxonomy":"category","embeddable":true,"href":"https:\/\/wandilsonramalho.com.br\/blog\/index.php?rest_route=%2Fwp%2Fv2%2Fcategories&post=9507"},{"taxonomy":"post_tag","embeddable":true,"href":"https:\/\/wandilsonramalho.com.br\/blog\/index.php?rest_route=%2Fwp%2Fv2%2Ftags&post=9507"}],"curies":[{"name":"wp","href":"https:\/\/api.w.org\/{rel}","templated":true}]}}