{"id":9503,"date":"2021-01-14T03:23:00","date_gmt":"2021-01-14T06:23:00","guid":{"rendered":"https:\/\/wandilsonramalho.com.br\/blog\/?p=9503"},"modified":"2021-01-13T15:43:39","modified_gmt":"2021-01-13T18:43:39","slug":"festa-de-sao-sebastiao-mensagem-de-angela-rodrigues-gurgel","status":"publish","type":"post","link":"https:\/\/wandilsonramalho.com.br\/blog\/?p=9503","title":{"rendered":"FESTA DE S\u00c3O SEBASTI\u00c3O -MENSAGEM DE \u00c2NGELA rodrigues  gurgel"},"content":{"rendered":"\n<p>FESTA DE S\u00c3O SEBASTI\u00c3O 2021<\/p>\n\n\n\n<p>S\u00e3o Sebasti\u00e3o me d\u00ea a m\u00e3o , caminha conosco na tua festa , de 10 a 20 deste , aqui em Cara\u00fabas \/RN, terra de&nbsp; gente feliz ..e que ama e vive intensamente este per\u00edodo ..<\/p>\n\n\n\n<p>Cada um de n\u00f3s tem algo a dizer neste ano at\u00edpico , em que impera o medo ,o\u00a0 distanciamento \u2026Mas,que jamais ficaremos de bra\u00e7os cruzados e n\u00e3o viver a grandiosa festa, com alegria , com f\u00e9 e principalmente clamando vida e \u201csermos vacinados \u201c.<\/p>\n\n\n\n<p>Tica Soares ..<\/p>\n\n\n\n<p>Hoje, a mensagem \u00e9 de :\u00c2ngela Rodrigues Gurgel <\/p>\n\n\n\n<p>No meu calend\u00e1rio particular o \u201cAno Novo\u201d chega depois da Festa de S\u00e3o Sebasti\u00e3o de Cara\u00fabas. A solenidade de abertura marca o in\u00edcio dessa transi\u00e7\u00e3o, a prociss\u00e3o \u201cabre\u201d oficialmente, o ano novo. \u00c9 como se sa\u00edssemos \u00e0s ruas para dar boas-vindas ao novo e nos despedirmos do velho. Este ano meu calend\u00e1rio ficar\u00e1 bagun\u00e7ado. N\u00e3o participarei da festa. N\u00e3o vou visitar minha terrinha, n\u00e3o reencontrarei os amigos vindos de todos os lugares, n\u00e3o desfilarei atr\u00e1s da banda, n\u00e3o irei \u00e0s missas matinais &#8211; parte religiosa que mais gosto. A festa de 2021 ser\u00e1 vivida \u00e0 dist\u00e2ncia, acompanhada virtualmente e, apesar de reconhecer que n\u00e3o poderia ser diferente em virtude da pandemia, n\u00e3o consigo impedir essa dor no peito e as l\u00e1grimas rolando no rosto quando ou\u00e7o, dentro de mim, o hino de nosso padroeiro querendo ser cantado, bem alto, no interior da matriz. Glorioso M\u00e1rtir, cure os atingidos por essa peste e protege-nos dessa amea\u00e7a. Livra nossa terrinha desse v\u00edrus que tantas priva\u00e7\u00f5es tem trazido para nossa vida, Santo Padroeiro!<\/p>\n\n\n\n<p>                                  <\/p>\n","protected":false},"excerpt":{"rendered":"<p>FESTA DE S\u00c3O SEBASTI\u00c3O 2021 S\u00e3o Sebasti\u00e3o me d\u00ea a m\u00e3o , caminha conosco na tua festa , de 10 a 20 deste , aqui em Cara\u00fabas \/RN, terra de&nbsp; gente feliz ..e que ama e vive intensamente este per\u00edodo .. Cada um de n\u00f3s tem algo a dizer neste ano at\u00edpico , em que <a href=\"https:\/\/wandilsonramalho.com.br\/blog\/?p=9503\">&#8230;<\/a><\/p>\n","protected":false},"author":2,"featured_media":9504,"comment_status":"open","ping_status":"open","sticky":false,"template":"","format":"standard","meta":{"_jetpack_memberships_contains_paid_content":false,"footnotes":""},"categories":[2],"tags":[],"class_list":["post-9503","post","type-post","status-publish","format-standard","has-post-thumbnail","hentry","category-mensagens"],"jetpack_featured_media_url":"https:\/\/i0.wp.com\/wandilsonramalho.com.br\/blog\/wp-content\/uploads\/2021\/01\/75237529_2572729046142878_6008984779855233024_o.jpg?fit=353%2C567&ssl=1","jetpack_sharing_enabled":true,"_links":{"self":[{"href":"https:\/\/wandilsonramalho.com.br\/blog\/index.php?rest_route=\/wp\/v2\/posts\/9503","targetHints":{"allow":["GET"]}}],"collection":[{"href":"https:\/\/wandilsonramalho.com.br\/blog\/index.php?rest_route=\/wp\/v2\/posts"}],"about":[{"href":"https:\/\/wandilsonramalho.com.br\/blog\/index.php?rest_route=\/wp\/v2\/types\/post"}],"author":[{"embeddable":true,"href":"https:\/\/wandilsonramalho.com.br\/blog\/index.php?rest_route=\/wp\/v2\/users\/2"}],"replies":[{"embeddable":true,"href":"https:\/\/wandilsonramalho.com.br\/blog\/index.php?rest_route=%2Fwp%2Fv2%2Fcomments&post=9503"}],"version-history":[{"count":2,"href":"https:\/\/wandilsonramalho.com.br\/blog\/index.php?rest_route=\/wp\/v2\/posts\/9503\/revisions"}],"predecessor-version":[{"id":9506,"href":"https:\/\/wandilsonramalho.com.br\/blog\/index.php?rest_route=\/wp\/v2\/posts\/9503\/revisions\/9506"}],"wp:featuredmedia":[{"embeddable":true,"href":"https:\/\/wandilsonramalho.com.br\/blog\/index.php?rest_route=\/wp\/v2\/media\/9504"}],"wp:attachment":[{"href":"https:\/\/wandilsonramalho.com.br\/blog\/index.php?rest_route=%2Fwp%2Fv2%2Fmedia&parent=9503"}],"wp:term":[{"taxonomy":"category","embeddable":true,"href":"https:\/\/wandilsonramalho.com.br\/blog\/index.php?rest_route=%2Fwp%2Fv2%2Fcategories&post=9503"},{"taxonomy":"post_tag","embeddable":true,"href":"https:\/\/wandilsonramalho.com.br\/blog\/index.php?rest_route=%2Fwp%2Fv2%2Ftags&post=9503"}],"curies":[{"name":"wp","href":"https:\/\/api.w.org\/{rel}","templated":true}]}}