{"id":9500,"date":"2021-01-13T07:53:00","date_gmt":"2021-01-13T10:53:00","guid":{"rendered":"https:\/\/wandilsonramalho.com.br\/blog\/?p=9500"},"modified":"2021-01-13T07:53:02","modified_gmt":"2021-01-13T10:53:02","slug":"festa-de-sao-sebastiao-mensagem-de-francisco-das-chagas-costa","status":"publish","type":"post","link":"https:\/\/wandilsonramalho.com.br\/blog\/?p=9500","title":{"rendered":"festa de s\u00e3o sebasti\u00e3o -mensagem DE FRANCISCO DAS CHAGAS COSTA .."},"content":{"rendered":"\n<p>FESTA DE S\u00c3O SEBASTI\u00c3O 2021<\/p>\n\n\n\n<p>S\u00e3o Sebasti\u00e3o me d\u00ea a m\u00e3o , caminha conosco na tua festa , de 10 a 20 deste , aqui em Cara\u00fabas \/RN, terra de&nbsp; gente feliz ..e que ama e vive intensamente este per\u00edodo ..<\/p>\n\n\n\n<p>Cada um de n\u00f3s tem algo a dizer neste ano at\u00edpico , em que impera o medo ,o&nbsp; distanciamento &#8230;Mas,que jamais ficaremos de bra\u00e7os cruzados e n\u00e3o viver a grandiosa festa, com alegria , com f\u00e9 e principalmente clamando vida e \u201csermos vacinados \u201c.<\/p>\n\n\n\n<p>Hoje, a mensagem \u00e9 de :<\/p>\n\n\n\n<p>FRANCISCO DAS CHAGAS COSTA .<\/p>\n\n\n\n<p>FESTA DE S\u00c3O SEBASTI\u00c3O 2021, UM MOMENTO NOVO,\u00a0 NOVOS H\u00c1BITOS SEGUIDOS DE REN\u00daNCIAS E ADAPTA\u00c7\u00d5ES. O MUNDO, O BRASIL E CARA\u00daBAS VIVEM DIAS DIF\u00cdCEIS, POR\u00c9M COM MEDIDAS PROTETIVAS DE RESPEITO A SA\u00daDE E A VIDA EST\u00c1 SENDO POSS\u00cdVEL CELEBRAR A FESTA DE S\u00c3O SEBASTI\u00c3O 2021. <\/p>\n\n\n\n<p>MOMENTO DE REFLEX\u00c3O, ADORA\u00c7\u00c3O, F\u00c9 E REENCONTRO DE PESSOAS. <\/p>\n\n\n\n<p>QUERO DESEJAR A TODOS CARAUBENSES E VISITANTES UMA BOA FESTA,\u00a0 MUITA SA\u00daDE E VACINA.\u00a0<\/p>\n\n\n\n<p> FICA A ESPERAN\u00c7A MOVIDA PELA F\u00c9 QUE EM 2022 VOLTEMOS A NOS REUNIR E ABRA\u00c7AR PARA AMENIZAR A SAUDADE E A FALTA DE TANTAS PESSOAS QUE ESTE ANO N\u00c3O PODER\u00c1 EST\u00c1 PRESENTE.<\/p>\n\n\n\n<p>\u00a0S\u00c3O SEBASTI\u00c3O PROTEJA A TODOS N\u00d3S!<\/p>\n","protected":false},"excerpt":{"rendered":"<p>FESTA DE S\u00c3O SEBASTI\u00c3O 2021 S\u00e3o Sebasti\u00e3o me d\u00ea a m\u00e3o , caminha conosco na tua festa , de 10 a 20 deste , aqui em Cara\u00fabas \/RN, terra de&nbsp; gente feliz ..e que ama e vive intensamente este per\u00edodo .. Cada um de n\u00f3s tem algo a dizer neste ano at\u00edpico , em que <a href=\"https:\/\/wandilsonramalho.com.br\/blog\/?p=9500\">&#8230;<\/a><\/p>\n","protected":false},"author":2,"featured_media":9501,"comment_status":"open","ping_status":"open","sticky":false,"template":"","format":"standard","meta":{"_jetpack_memberships_contains_paid_content":false,"footnotes":""},"categories":[2],"tags":[],"class_list":["post-9500","post","type-post","status-publish","format-standard","has-post-thumbnail","hentry","category-mensagens"],"jetpack_featured_media_url":"https:\/\/i0.wp.com\/wandilsonramalho.com.br\/blog\/wp-content\/uploads\/2021\/01\/COSTA.jpg?fit=480%2C511&ssl=1","jetpack_sharing_enabled":true,"_links":{"self":[{"href":"https:\/\/wandilsonramalho.com.br\/blog\/index.php?rest_route=\/wp\/v2\/posts\/9500","targetHints":{"allow":["GET"]}}],"collection":[{"href":"https:\/\/wandilsonramalho.com.br\/blog\/index.php?rest_route=\/wp\/v2\/posts"}],"about":[{"href":"https:\/\/wandilsonramalho.com.br\/blog\/index.php?rest_route=\/wp\/v2\/types\/post"}],"author":[{"embeddable":true,"href":"https:\/\/wandilsonramalho.com.br\/blog\/index.php?rest_route=\/wp\/v2\/users\/2"}],"replies":[{"embeddable":true,"href":"https:\/\/wandilsonramalho.com.br\/blog\/index.php?rest_route=%2Fwp%2Fv2%2Fcomments&post=9500"}],"version-history":[{"count":1,"href":"https:\/\/wandilsonramalho.com.br\/blog\/index.php?rest_route=\/wp\/v2\/posts\/9500\/revisions"}],"predecessor-version":[{"id":9502,"href":"https:\/\/wandilsonramalho.com.br\/blog\/index.php?rest_route=\/wp\/v2\/posts\/9500\/revisions\/9502"}],"wp:featuredmedia":[{"embeddable":true,"href":"https:\/\/wandilsonramalho.com.br\/blog\/index.php?rest_route=\/wp\/v2\/media\/9501"}],"wp:attachment":[{"href":"https:\/\/wandilsonramalho.com.br\/blog\/index.php?rest_route=%2Fwp%2Fv2%2Fmedia&parent=9500"}],"wp:term":[{"taxonomy":"category","embeddable":true,"href":"https:\/\/wandilsonramalho.com.br\/blog\/index.php?rest_route=%2Fwp%2Fv2%2Fcategories&post=9500"},{"taxonomy":"post_tag","embeddable":true,"href":"https:\/\/wandilsonramalho.com.br\/blog\/index.php?rest_route=%2Fwp%2Fv2%2Ftags&post=9500"}],"curies":[{"name":"wp","href":"https:\/\/api.w.org\/{rel}","templated":true}]}}