{"id":9458,"date":"2021-01-12T01:44:00","date_gmt":"2021-01-12T04:44:00","guid":{"rendered":"https:\/\/wandilsonramalho.com.br\/blog\/?p=9458"},"modified":"2021-01-11T16:44:36","modified_gmt":"2021-01-11T19:44:36","slug":"janeiro-branco-2","status":"publish","type":"post","link":"https:\/\/wandilsonramalho.com.br\/blog\/?p=9458","title":{"rendered":"JANEIRO BRANCO"},"content":{"rendered":"\n<p>A CAMPANHA JANEIRO BRANCO 2021  \u00e9 dedicada aos temas de Sa\u00fade Mental e convida todo o mundo  para  um PACTO PELA SAU\u0301DE MENTAL!<\/p>\n\n\n\n<p>Quem cuida da mente, consequentemente cuida da vida ..E cuidar da mente n\u00e3o \u00e9 frescura.<\/p>\n\n\n\n<p>\u00c8 importante esse &#8220;olhar&#8221; para os que se fecham , principalmente neste periodo da pandemia ..pessoas com depress\u00e3o , angustiadas , isoladas ..<\/p>\n\n\n\n<p>janeiro, m\u00eas escolhido para que  as pessoas possam repensar suas vidas, planos e sonhos a cada ano novo.<\/p>\n","protected":false},"excerpt":{"rendered":"<p>A CAMPANHA JANEIRO BRANCO 2021 \u00e9 dedicada aos temas de Sa\u00fade Mental e convida todo o mundo para um PACTO PELA SAU\u0301DE MENTAL! Quem cuida da mente, consequentemente cuida da vida ..E cuidar da mente n\u00e3o \u00e9 frescura. \u00c8 importante esse &#8220;olhar&#8221; para os que se fecham , principalmente neste periodo da pandemia ..pessoas com <a href=\"https:\/\/wandilsonramalho.com.br\/blog\/?p=9458\">&#8230;<\/a><\/p>\n","protected":false},"author":2,"featured_media":9463,"comment_status":"open","ping_status":"open","sticky":false,"template":"","format":"standard","meta":{"_jetpack_memberships_contains_paid_content":false,"footnotes":""},"categories":[38],"tags":[],"class_list":["post-9458","post","type-post","status-publish","format-standard","has-post-thumbnail","hentry","category-especiais"],"jetpack_featured_media_url":"https:\/\/i0.wp.com\/wandilsonramalho.com.br\/blog\/wp-content\/uploads\/2021\/01\/138156864_3666517850102210_1336815612241565977_o-1.jpg?fit=526%2C363&ssl=1","jetpack_sharing_enabled":true,"_links":{"self":[{"href":"https:\/\/wandilsonramalho.com.br\/blog\/index.php?rest_route=\/wp\/v2\/posts\/9458","targetHints":{"allow":["GET"]}}],"collection":[{"href":"https:\/\/wandilsonramalho.com.br\/blog\/index.php?rest_route=\/wp\/v2\/posts"}],"about":[{"href":"https:\/\/wandilsonramalho.com.br\/blog\/index.php?rest_route=\/wp\/v2\/types\/post"}],"author":[{"embeddable":true,"href":"https:\/\/wandilsonramalho.com.br\/blog\/index.php?rest_route=\/wp\/v2\/users\/2"}],"replies":[{"embeddable":true,"href":"https:\/\/wandilsonramalho.com.br\/blog\/index.php?rest_route=%2Fwp%2Fv2%2Fcomments&post=9458"}],"version-history":[{"count":1,"href":"https:\/\/wandilsonramalho.com.br\/blog\/index.php?rest_route=\/wp\/v2\/posts\/9458\/revisions"}],"predecessor-version":[{"id":9464,"href":"https:\/\/wandilsonramalho.com.br\/blog\/index.php?rest_route=\/wp\/v2\/posts\/9458\/revisions\/9464"}],"wp:featuredmedia":[{"embeddable":true,"href":"https:\/\/wandilsonramalho.com.br\/blog\/index.php?rest_route=\/wp\/v2\/media\/9463"}],"wp:attachment":[{"href":"https:\/\/wandilsonramalho.com.br\/blog\/index.php?rest_route=%2Fwp%2Fv2%2Fmedia&parent=9458"}],"wp:term":[{"taxonomy":"category","embeddable":true,"href":"https:\/\/wandilsonramalho.com.br\/blog\/index.php?rest_route=%2Fwp%2Fv2%2Fcategories&post=9458"},{"taxonomy":"post_tag","embeddable":true,"href":"https:\/\/wandilsonramalho.com.br\/blog\/index.php?rest_route=%2Fwp%2Fv2%2Ftags&post=9458"}],"curies":[{"name":"wp","href":"https:\/\/api.w.org\/{rel}","templated":true}]}}