{"id":9420,"date":"2021-01-12T09:11:00","date_gmt":"2021-01-12T12:11:00","guid":{"rendered":"https:\/\/wandilsonramalho.com.br\/blog\/?p=9420"},"modified":"2021-01-12T09:10:45","modified_gmt":"2021-01-12T12:10:45","slug":"mensagem-de-maria-madalena-neta","status":"publish","type":"post","link":"https:\/\/wandilsonramalho.com.br\/blog\/?p=9420","title":{"rendered":"festa de s\u00e3o sebasti\u00e3o -mensagem de maria madalena neta"},"content":{"rendered":"\n<p>FESTA DE S\u00c3O SEBASTI\u00c3O 2021<\/p>\n\n\n\n<p>S\u00e3o Sebasti\u00e3o me d\u00ea a m\u00e3o , caminha conosco na tua festa , de 10 a 20 deste , aqui em Cara\u00fabas \/RN, terra de &nbsp;gente feliz ..e que ama e vive intensamente este per\u00edodo ..<\/p>\n\n\n\n<p>Cada um de n\u00f3s tem algo a dizer neste ano at\u00edpico , em que impera o medo ,o \u00a0distanciamento &#8230;Mas,que jamais ficaremos de bra\u00e7os cruzados e n\u00e3o viver a grandiosa festa, com alegria , com f\u00e9 e principalmente clamando vida e \u201csermos vacinados \u201c.Tica Soares .<\/p>\n\n\n\n<p class=\"has-normal-font-size\">Hoje, a mensagem..<\/p>\n\n\n\n<p class=\"has-text-align-center\">&#8220;A Festa de S\u00e3o Sebasti\u00e3o de 2021, em Cara\u00fabas, poderia ser como<br>nos anos anteriores, a festa do reencontro, do abra\u00e7o, de<br>professar a nossa f\u00e9 e nossa devo\u00e7\u00e3o ao nosso querido padroeiro,<br>mas neste ano, em que o planeta sofre o ataque deste v\u00edrus que<br>destr\u00f3i, que separa as pessoas e as fam\u00edlias, Cara\u00fabas chora e<br>sente a falta do aconchego, que sempre lhe foi peculiar. Este ano<br>est\u00e1 sendo diferente, estranho, a nossa cidade continua linda, de<br>beleza e encantos, com suas tardes amenas, os sinos da Igreja<br>Matriz tocam anunciando as missas e as novenas, a nossa querida<br>banda toca, mas o povo est\u00e1 usando a sua armadura de prote\u00e7\u00e3o<br>contra o inimigo invis\u00edvel, mas acima de tudo, est\u00e1 a esperan\u00e7a<br>que se renova em Deus e em nosso S\u00e3o Sebasti\u00e3o, que \u00e9 o<br>protetor da fome da peste e da guerra.<br>Neste ano, embora a aus\u00eancia de tantos em nossa cidade, o<br>cora\u00e7\u00e3o se ajoelha em prece em cada recanto e com o olhar para<br>o c\u00e9u, roga pela cura e consolo, acreditando que a Palavra de Deus<br>sempre ser\u00e1 vida.<br>S\u00e3o Sebasti\u00e3o, Rogai por n\u00f3s.&#8221;<br>Maria Madalena Soares Neta<\/p>\n","protected":false},"excerpt":{"rendered":"<p>FESTA DE S\u00c3O SEBASTI\u00c3O 2021 S\u00e3o Sebasti\u00e3o me d\u00ea a m\u00e3o , caminha conosco na tua festa , de 10 a 20 deste , aqui em Cara\u00fabas \/RN, terra de &nbsp;gente feliz ..e que ama e vive intensamente este per\u00edodo .. Cada um de n\u00f3s tem algo a dizer neste ano at\u00edpico , em que <a href=\"https:\/\/wandilsonramalho.com.br\/blog\/?p=9420\">&#8230;<\/a><\/p>\n","protected":false},"author":2,"featured_media":9493,"comment_status":"open","ping_status":"open","sticky":false,"template":"","format":"standard","meta":{"_jetpack_memberships_contains_paid_content":false,"footnotes":""},"categories":[18],"tags":[],"class_list":["post-9420","post","type-post","status-publish","format-standard","has-post-thumbnail","hentry","category-caraubas"],"jetpack_featured_media_url":"https:\/\/i0.wp.com\/wandilsonramalho.com.br\/blog\/wp-content\/uploads\/2021\/01\/mada.jpg?fit=534%2C480&ssl=1","jetpack_sharing_enabled":true,"_links":{"self":[{"href":"https:\/\/wandilsonramalho.com.br\/blog\/index.php?rest_route=\/wp\/v2\/posts\/9420","targetHints":{"allow":["GET"]}}],"collection":[{"href":"https:\/\/wandilsonramalho.com.br\/blog\/index.php?rest_route=\/wp\/v2\/posts"}],"about":[{"href":"https:\/\/wandilsonramalho.com.br\/blog\/index.php?rest_route=\/wp\/v2\/types\/post"}],"author":[{"embeddable":true,"href":"https:\/\/wandilsonramalho.com.br\/blog\/index.php?rest_route=\/wp\/v2\/users\/2"}],"replies":[{"embeddable":true,"href":"https:\/\/wandilsonramalho.com.br\/blog\/index.php?rest_route=%2Fwp%2Fv2%2Fcomments&post=9420"}],"version-history":[{"count":4,"href":"https:\/\/wandilsonramalho.com.br\/blog\/index.php?rest_route=\/wp\/v2\/posts\/9420\/revisions"}],"predecessor-version":[{"id":9494,"href":"https:\/\/wandilsonramalho.com.br\/blog\/index.php?rest_route=\/wp\/v2\/posts\/9420\/revisions\/9494"}],"wp:featuredmedia":[{"embeddable":true,"href":"https:\/\/wandilsonramalho.com.br\/blog\/index.php?rest_route=\/wp\/v2\/media\/9493"}],"wp:attachment":[{"href":"https:\/\/wandilsonramalho.com.br\/blog\/index.php?rest_route=%2Fwp%2Fv2%2Fmedia&parent=9420"}],"wp:term":[{"taxonomy":"category","embeddable":true,"href":"https:\/\/wandilsonramalho.com.br\/blog\/index.php?rest_route=%2Fwp%2Fv2%2Fcategories&post=9420"},{"taxonomy":"post_tag","embeddable":true,"href":"https:\/\/wandilsonramalho.com.br\/blog\/index.php?rest_route=%2Fwp%2Fv2%2Ftags&post=9420"}],"curies":[{"name":"wp","href":"https:\/\/api.w.org\/{rel}","templated":true}]}}