{"id":9416,"date":"2021-01-10T00:24:00","date_gmt":"2021-01-10T03:24:00","guid":{"rendered":"https:\/\/wandilsonramalho.com.br\/blog\/?p=9416"},"modified":"2021-01-09T20:04:21","modified_gmt":"2021-01-09T23:04:21","slug":"viva-nosso-padroeiro-sao-sebastiao","status":"publish","type":"post","link":"https:\/\/wandilsonramalho.com.br\/blog\/?p=9416","title":{"rendered":"Viva nosso padroeiro S\u00e3o SeBASTI\u00c3O !!"},"content":{"rendered":"\n<p>&#8220;Glorioso M\u00e1rtir S\u00e3o Sebasti\u00e3o dai a seus devotos firme prote\u00e7\u00e3o&#8230; &#8220;.Entoando o Hino de S\u00e3o Sebasti\u00e3o , os  fi\u00e9is hoje \u00e0s 17h30m acompanhar\u00e3o  a prociss\u00e3o(motorizada )   de abertura da festa (resguardado o distanciamento social), com a imagem do nosso Padroeiro saindo em frente do Hospital Regional  at\u00e9 a Matriz .<\/p>\n\n\n\n<p>S\u00e3o Sebasti\u00e3o , neste dia que inicia a sua festa , protege-nos , livra-nos ..guia-nos .<\/p>\n\n\n\n<p>S\u00e3o Sebasti\u00e3o, nosso padroeiro , defendei-nos da peste e da guerra.<\/p>\n\n\n\n<p>Livra-nos deste v\u00edrus , que maltrata e mata ..que faz sofrer toda a humanidade .<\/p>\n\n\n\n<p>Hoje,10 de janeiro do ano 2021 , ano em que estamos isolados ,com f\u00e9 vamos participar da festa religiosa , com prud\u00eancia, f\u00e9 , seguindo todas as orienta\u00e7\u00f5es da OMS.<\/p>\n\n\n\n<p>Participando presencialmente e virtualmente .. <\/p>\n\n\n\n<p>Todos n\u00f3s sabemos  da import\u00e2ncia da Festa de S\u00e3o Sebasti\u00e3o  para Cara\u00fabas e para os  que professam  a religi\u00e3o cat\u00f3lica e s\u00e3o devotos do padroeiro dos Caraubenses ..<\/p>\n\n\n\n<p>Nos anos anteriores hoje, Cara\u00fabas estava lotada de caraubenses ausentes , visitantes ..Hoje , muitos n\u00e3o podem participar devido a este tempo que isola as pessoas .<\/p>\n\n\n\n<p>O padre Ikaro , a comiss\u00e3o da festa, os voluntarios , toda a equipe da festa (todos com muita cautela) devido  a pandemia do covid-19 , na segunda onda (muitos infectados ) aqui, no RN e no mundo .<\/p>\n\n\n\n<p>Mas, a festa vai acontecer sim, sim senhor !!<\/p>\n\n\n\n<p>Repito , com muita cautela e com muita alegria , todos os envolvidos j\u00e1  contando as horas para iniciar a nossa festa. <\/p>\n\n\n\n<p>Aleluia !!<\/p>\n\n\n\n<p>Aleluia!<\/p>\n\n\n\n<p>Viva nosso padroeiro !!<\/p>\n\n\n\n<p>Viva o povo de Cara\u00fabas !!<\/p>\n\n\n\n<p>Imagem :Rierson <\/p>\n\n\n\n\n\n\n\n\n","protected":false},"excerpt":{"rendered":"<p>&#8220;Glorioso M\u00e1rtir S\u00e3o Sebasti\u00e3o dai a seus devotos firme prote\u00e7\u00e3o&#8230; &#8220;.Entoando o Hino de S\u00e3o Sebasti\u00e3o , os fi\u00e9is hoje \u00e0s 17h30m acompanhar\u00e3o a prociss\u00e3o(motorizada ) de abertura da festa (resguardado o distanciamento social), com a imagem do nosso Padroeiro saindo em frente do Hospital Regional at\u00e9 a Matriz . S\u00e3o Sebasti\u00e3o , neste dia <a href=\"https:\/\/wandilsonramalho.com.br\/blog\/?p=9416\">&#8230;<\/a><\/p>\n","protected":false},"author":2,"featured_media":9417,"comment_status":"open","ping_status":"open","sticky":false,"template":"","format":"standard","meta":{"_jetpack_memberships_contains_paid_content":false,"footnotes":""},"categories":[18],"tags":[],"class_list":["post-9416","post","type-post","status-publish","format-standard","has-post-thumbnail","hentry","category-caraubas"],"jetpack_featured_media_url":"https:\/\/i0.wp.com\/wandilsonramalho.com.br\/blog\/wp-content\/uploads\/2021\/01\/F02-SAO-SEBASTIAO-IAMGEM.jpg?fit=719%2C1280&ssl=1","jetpack_sharing_enabled":true,"_links":{"self":[{"href":"https:\/\/wandilsonramalho.com.br\/blog\/index.php?rest_route=\/wp\/v2\/posts\/9416","targetHints":{"allow":["GET"]}}],"collection":[{"href":"https:\/\/wandilsonramalho.com.br\/blog\/index.php?rest_route=\/wp\/v2\/posts"}],"about":[{"href":"https:\/\/wandilsonramalho.com.br\/blog\/index.php?rest_route=\/wp\/v2\/types\/post"}],"author":[{"embeddable":true,"href":"https:\/\/wandilsonramalho.com.br\/blog\/index.php?rest_route=\/wp\/v2\/users\/2"}],"replies":[{"embeddable":true,"href":"https:\/\/wandilsonramalho.com.br\/blog\/index.php?rest_route=%2Fwp%2Fv2%2Fcomments&post=9416"}],"version-history":[{"count":1,"href":"https:\/\/wandilsonramalho.com.br\/blog\/index.php?rest_route=\/wp\/v2\/posts\/9416\/revisions"}],"predecessor-version":[{"id":9418,"href":"https:\/\/wandilsonramalho.com.br\/blog\/index.php?rest_route=\/wp\/v2\/posts\/9416\/revisions\/9418"}],"wp:featuredmedia":[{"embeddable":true,"href":"https:\/\/wandilsonramalho.com.br\/blog\/index.php?rest_route=\/wp\/v2\/media\/9417"}],"wp:attachment":[{"href":"https:\/\/wandilsonramalho.com.br\/blog\/index.php?rest_route=%2Fwp%2Fv2%2Fmedia&parent=9416"}],"wp:term":[{"taxonomy":"category","embeddable":true,"href":"https:\/\/wandilsonramalho.com.br\/blog\/index.php?rest_route=%2Fwp%2Fv2%2Fcategories&post=9416"},{"taxonomy":"post_tag","embeddable":true,"href":"https:\/\/wandilsonramalho.com.br\/blog\/index.php?rest_route=%2Fwp%2Fv2%2Ftags&post=9416"}],"curies":[{"name":"wp","href":"https:\/\/api.w.org\/{rel}","templated":true}]}}