{"id":9394,"date":"2021-01-08T01:40:00","date_gmt":"2021-01-08T04:40:00","guid":{"rendered":"https:\/\/wandilsonramalho.com.br\/blog\/?p=9394"},"modified":"2021-01-07T18:01:16","modified_gmt":"2021-01-07T21:01:16","slug":"caraubas-se-veste-de-fe-e-religiosidade","status":"publish","type":"post","link":"https:\/\/wandilsonramalho.com.br\/blog\/?p=9394","title":{"rendered":"cara\u00fabas se veste de f\u00e9 e religiosidade ."},"content":{"rendered":"\n<p><strong>Cara\u00fabas terra de S\u00e3o Sebasti\u00e3o, terra amada, terra das caraubeiras , terra de filhos ilustres  \u00a0se veste de\u00a0 f\u00e9 e religiosidade a partir deste domingo 10 quando inicia a festa mais esperada pelos filhos desta terra \u201cA Festa de S\u00e3o Sebasti\u00e3o, nosso padroeiro\u201d.<\/strong><\/p>\n\n\n\n<p><strong>O Padre Ikaro Dre\u00e2n comanda pela primeira vez a festa como administrador paroquial .<\/strong><\/p>\n\n\n\n<p><strong>S\u00e3o 10 dias de festas , 10 dias de louvor , 10 dias de alegria , 10 dias de muita ora\u00e7\u00e3o ..<\/strong><\/p>\n\n\n\n<p><strong> Todos os eventos religiosos seguindo o protocolo da OMS. <\/strong><\/p>\n\n\n\n<p><strong>Que S\u00e3o Sebasti\u00e3o nos livre da peste que assola o mundo , nosso Brasil, nosso RN e nossa Cara\u00fabas .<\/strong><\/p>\n\n\n\n<p><strong>Quem diria meu Deus que a &#8220;Festa de S\u00e3o Sebasti\u00e3o&#8221; seria assim?At\u00edpica , com isolamento , os devotos cheios de protocolos &#8230;e mais protocolos ..que a maioria das pessoas participa  dos atos religiosos de foram online?<\/strong><\/p>\n\n\n\n<p><strong>A pandemia do Covid-19 \u00e9 algo misterioso ,  um virus invisivel tomando conta do mundo <\/strong>.<\/p>\n\n\n\n<p><strong>O mundo h\u00e1 um ano est\u00e1 ajoelhado, imp\u00e1vido , silencioso diante de um quadro de medo , e de muitas restri\u00e7\u00f5es, mas, com o fortalecimento da f\u00e9 em S\u00e3o Sebasti\u00e3o vamos celebrar esse periodo t\u00e3o bonito que \u00e9 a festa ..<\/strong><\/p>\n\n\n\n<p><strong>Glorioso m\u00e1rtir S\u00e3o Sebasti\u00e3o, protegei-nos contra a peste<\/strong><\/p>\n\n\n\n<p><strong>Viva S\u00e3o Sebasti\u00e3o!!<\/strong><\/p>\n\n\n\n<p><strong>Viva o povo de Cara\u00fabas !<\/strong><\/p>\n","protected":false},"excerpt":{"rendered":"<p>Cara\u00fabas terra de S\u00e3o Sebasti\u00e3o, terra amada, terra das caraubeiras , terra de filhos ilustres \u00a0se veste de\u00a0 f\u00e9 e religiosidade a partir deste domingo 10 quando inicia a festa mais esperada pelos filhos desta terra \u201cA Festa de S\u00e3o Sebasti\u00e3o, nosso padroeiro\u201d. O Padre Ikaro Dre\u00e2n comanda pela primeira vez a festa como administrador <a href=\"https:\/\/wandilsonramalho.com.br\/blog\/?p=9394\">&#8230;<\/a><\/p>\n","protected":false},"author":2,"featured_media":9396,"comment_status":"open","ping_status":"open","sticky":false,"template":"","format":"standard","meta":{"_jetpack_memberships_contains_paid_content":false,"footnotes":""},"categories":[18],"tags":[],"class_list":["post-9394","post","type-post","status-publish","format-standard","has-post-thumbnail","hentry","category-caraubas"],"jetpack_featured_media_url":"https:\/\/i0.wp.com\/wandilsonramalho.com.br\/blog\/wp-content\/uploads\/2021\/01\/135772537_3773910486006373_5389938855691550228_n.jpg?fit=336%2C420&ssl=1","jetpack_sharing_enabled":true,"_links":{"self":[{"href":"https:\/\/wandilsonramalho.com.br\/blog\/index.php?rest_route=\/wp\/v2\/posts\/9394","targetHints":{"allow":["GET"]}}],"collection":[{"href":"https:\/\/wandilsonramalho.com.br\/blog\/index.php?rest_route=\/wp\/v2\/posts"}],"about":[{"href":"https:\/\/wandilsonramalho.com.br\/blog\/index.php?rest_route=\/wp\/v2\/types\/post"}],"author":[{"embeddable":true,"href":"https:\/\/wandilsonramalho.com.br\/blog\/index.php?rest_route=\/wp\/v2\/users\/2"}],"replies":[{"embeddable":true,"href":"https:\/\/wandilsonramalho.com.br\/blog\/index.php?rest_route=%2Fwp%2Fv2%2Fcomments&post=9394"}],"version-history":[{"count":1,"href":"https:\/\/wandilsonramalho.com.br\/blog\/index.php?rest_route=\/wp\/v2\/posts\/9394\/revisions"}],"predecessor-version":[{"id":9397,"href":"https:\/\/wandilsonramalho.com.br\/blog\/index.php?rest_route=\/wp\/v2\/posts\/9394\/revisions\/9397"}],"wp:featuredmedia":[{"embeddable":true,"href":"https:\/\/wandilsonramalho.com.br\/blog\/index.php?rest_route=\/wp\/v2\/media\/9396"}],"wp:attachment":[{"href":"https:\/\/wandilsonramalho.com.br\/blog\/index.php?rest_route=%2Fwp%2Fv2%2Fmedia&parent=9394"}],"wp:term":[{"taxonomy":"category","embeddable":true,"href":"https:\/\/wandilsonramalho.com.br\/blog\/index.php?rest_route=%2Fwp%2Fv2%2Fcategories&post=9394"},{"taxonomy":"post_tag","embeddable":true,"href":"https:\/\/wandilsonramalho.com.br\/blog\/index.php?rest_route=%2Fwp%2Fv2%2Ftags&post=9394"}],"curies":[{"name":"wp","href":"https:\/\/api.w.org\/{rel}","templated":true}]}}