{"id":9384,"date":"2021-01-08T01:22:00","date_gmt":"2021-01-08T04:22:00","guid":{"rendered":"https:\/\/wandilsonramalho.com.br\/blog\/?p=9384"},"modified":"2021-01-07T17:40:18","modified_gmt":"2021-01-07T20:40:18","slug":"cassiano-gurgel-de-lima-foi-empossado","status":"publish","type":"post","link":"https:\/\/wandilsonramalho.com.br\/blog\/?p=9384","title":{"rendered":"cassiano gurgel de lima foi empossado"},"content":{"rendered":"\n<p><strong>\u00a0A CDL de Cara\u00fabas empossou sua nova diretoria para o tri\u00eanio 2021\/2023, em solenidade realizada ter\u00e7a-feira (05), no audit\u00f3rio do Sindicato dos Trabalhadores Municipais de Cara\u00fabas- SINDSPUMC. O evento seguiu todos os protocolos de seguran\u00e7a por conta da pandemia. <\/strong><\/p>\n\n\n\n<p><strong>As autoridades\u00a0 presentes \u00a0o vice presidente da Federa\u00e7\u00e3o das CDLs do Rio Grande do Norte Jos\u00e9 Maria da Costa, do Chefe de Gabinete Jaimar Gomes que representou o prefeito Juninho Alves, Hamilton Bezerra, presidente da C\u00e2mara Municipal, o Administrador paroquial Padre \u00cdcaro Drean, presidente da CDL de Apodi Fl\u00e1vio Carvalho, presidentes da CDL de Severiano Melo Holangenes Di\u00f3genes e Luiz Alessandro de Morais,a presidente do SINDSPUNC Wesia Sena , pais de presidente empossado os empresarios Celcivan LIma e dra Veluzia , a musa de Cassiano Joezia , associados e colaboradores.Haroldo Gurgel entregou o cargo consciente do dever cumprido .<\/strong><\/p>\n\n\n\n<figure class=\"wp-block-image size-large\"><img data-recalc-dims=\"1\" fetchpriority=\"high\" decoding=\"async\" width=\"640\" height=\"217\" src=\"https:\/\/i0.wp.com\/wandilsonramalho.com.br\/blog\/wp-content\/uploads\/2021\/01\/weisa.jpg?resize=640%2C217&#038;ssl=1\" alt=\"\" class=\"wp-image-9386\" srcset=\"https:\/\/i0.wp.com\/wandilsonramalho.com.br\/blog\/wp-content\/uploads\/2021\/01\/weisa.jpg?w=640&amp;ssl=1 640w, https:\/\/i0.wp.com\/wandilsonramalho.com.br\/blog\/wp-content\/uploads\/2021\/01\/weisa.jpg?resize=585%2C198&amp;ssl=1 585w\" sizes=\"(max-width: 640px) 100vw, 640px\" \/><\/figure>\n\n\n\n<figure class=\"wp-block-image size-large\"><img data-recalc-dims=\"1\" decoding=\"async\" width=\"480\" height=\"562\" src=\"https:\/\/i0.wp.com\/wandilsonramalho.com.br\/blog\/wp-content\/uploads\/2021\/01\/cassiano-1.jpg?resize=480%2C562&#038;ssl=1\" alt=\"\" class=\"wp-image-9388\"\/><\/figure>\n\n\n\n<figure class=\"wp-block-image size-large\"><img data-recalc-dims=\"1\" decoding=\"async\" width=\"640\" height=\"200\" src=\"https:\/\/i0.wp.com\/wandilsonramalho.com.br\/blog\/wp-content\/uploads\/2021\/01\/cdl.jpg?resize=640%2C200&#038;ssl=1\" alt=\"\" class=\"wp-image-9389\" srcset=\"https:\/\/i0.wp.com\/wandilsonramalho.com.br\/blog\/wp-content\/uploads\/2021\/01\/cdl.jpg?w=640&amp;ssl=1 640w, https:\/\/i0.wp.com\/wandilsonramalho.com.br\/blog\/wp-content\/uploads\/2021\/01\/cdl.jpg?resize=585%2C183&amp;ssl=1 585w\" sizes=\"(max-width: 640px) 100vw, 640px\" \/><\/figure>\n\n\n\n<figure class=\"wp-block-image size-large\"><img data-recalc-dims=\"1\" loading=\"lazy\" decoding=\"async\" width=\"450\" height=\"581\" src=\"https:\/\/i0.wp.com\/wandilsonramalho.com.br\/blog\/wp-content\/uploads\/2021\/01\/joezia.jpg?resize=450%2C581&#038;ssl=1\" alt=\"\" class=\"wp-image-9390\"\/><\/figure>\n\n\n\n<figure class=\"wp-block-image size-large\"><img data-recalc-dims=\"1\" loading=\"lazy\" decoding=\"async\" width=\"480\" height=\"640\" src=\"https:\/\/i0.wp.com\/wandilsonramalho.com.br\/blog\/wp-content\/uploads\/2021\/01\/rosalba.jpg?resize=480%2C640&#038;ssl=1\" alt=\"\" class=\"wp-image-9391\"\/><\/figure>\n","protected":false},"excerpt":{"rendered":"<p>\u00a0A CDL de Cara\u00fabas empossou sua nova diretoria para o tri\u00eanio 2021\/2023, em solenidade realizada ter\u00e7a-feira (05), no audit\u00f3rio do Sindicato dos Trabalhadores Municipais de Cara\u00fabas- SINDSPUMC. O evento seguiu todos os protocolos de seguran\u00e7a por conta da pandemia. As autoridades\u00a0 presentes \u00a0o vice presidente da Federa\u00e7\u00e3o das CDLs do Rio Grande do Norte Jos\u00e9 <a href=\"https:\/\/wandilsonramalho.com.br\/blog\/?p=9384\">&#8230;<\/a><\/p>\n","protected":false},"author":2,"featured_media":9385,"comment_status":"open","ping_status":"open","sticky":false,"template":"","format":"standard","meta":{"_jetpack_memberships_contains_paid_content":false,"footnotes":""},"categories":[18],"tags":[],"class_list":["post-9384","post","type-post","status-publish","format-standard","has-post-thumbnail","hentry","category-caraubas"],"jetpack_featured_media_url":"https:\/\/i0.wp.com\/wandilsonramalho.com.br\/blog\/wp-content\/uploads\/2021\/01\/f01-cassiano.jpg?fit=480%2C623&ssl=1","jetpack_sharing_enabled":true,"_links":{"self":[{"href":"https:\/\/wandilsonramalho.com.br\/blog\/index.php?rest_route=\/wp\/v2\/posts\/9384","targetHints":{"allow":["GET"]}}],"collection":[{"href":"https:\/\/wandilsonramalho.com.br\/blog\/index.php?rest_route=\/wp\/v2\/posts"}],"about":[{"href":"https:\/\/wandilsonramalho.com.br\/blog\/index.php?rest_route=\/wp\/v2\/types\/post"}],"author":[{"embeddable":true,"href":"https:\/\/wandilsonramalho.com.br\/blog\/index.php?rest_route=\/wp\/v2\/users\/2"}],"replies":[{"embeddable":true,"href":"https:\/\/wandilsonramalho.com.br\/blog\/index.php?rest_route=%2Fwp%2Fv2%2Fcomments&post=9384"}],"version-history":[{"count":2,"href":"https:\/\/wandilsonramalho.com.br\/blog\/index.php?rest_route=\/wp\/v2\/posts\/9384\/revisions"}],"predecessor-version":[{"id":9393,"href":"https:\/\/wandilsonramalho.com.br\/blog\/index.php?rest_route=\/wp\/v2\/posts\/9384\/revisions\/9393"}],"wp:featuredmedia":[{"embeddable":true,"href":"https:\/\/wandilsonramalho.com.br\/blog\/index.php?rest_route=\/wp\/v2\/media\/9385"}],"wp:attachment":[{"href":"https:\/\/wandilsonramalho.com.br\/blog\/index.php?rest_route=%2Fwp%2Fv2%2Fmedia&parent=9384"}],"wp:term":[{"taxonomy":"category","embeddable":true,"href":"https:\/\/wandilsonramalho.com.br\/blog\/index.php?rest_route=%2Fwp%2Fv2%2Fcategories&post=9384"},{"taxonomy":"post_tag","embeddable":true,"href":"https:\/\/wandilsonramalho.com.br\/blog\/index.php?rest_route=%2Fwp%2Fv2%2Ftags&post=9384"}],"curies":[{"name":"wp","href":"https:\/\/api.w.org\/{rel}","templated":true}]}}