{"id":9332,"date":"2021-01-05T01:06:00","date_gmt":"2021-01-05T04:06:00","guid":{"rendered":"https:\/\/wandilsonramalho.com.br\/blog\/?p=9332"},"modified":"2021-01-04T17:13:31","modified_gmt":"2021-01-04T20:13:31","slug":"nosso-reveillon","status":"publish","type":"post","link":"https:\/\/wandilsonramalho.com.br\/blog\/?p=9332","title":{"rendered":"nosso r\u00e9veillon"},"content":{"rendered":"\n<p>O nosso R\u00e9veillon foi na praia das Emanuelas em Tibau a convite do casal Erialdo Rebou\u00e7as e Ana Sandra e as filhas Erielle e Eriana .<\/p>\n\n\n\n<p>A praia , s\u00f3 familiares , bem aconchegante e com saudades dos familiares e amigos queridos . A meia noite fomos \u00e0 praia para saudar o ano novo, \u00a0vendo aquele mar, sentindo a brisa do mar, brindando e principalmente agradecendo a Deus a vida .<\/p>\n\n\n\n<p>Meu look, vestido Negadam Modas, acessorio Gladys Biju<\/p>\n\n\n\n<p>Somos gratos a receptividade mil desses amigos -amigos .<\/p>\n","protected":false},"excerpt":{"rendered":"<p>O nosso R\u00e9veillon foi na praia das Emanuelas em Tibau a convite do casal Erialdo Rebou\u00e7as e Ana Sandra e as filhas Erielle e Eriana . A praia , s\u00f3 familiares , bem aconchegante e com saudades dos familiares e amigos queridos . A meia noite fomos \u00e0 praia para saudar o ano novo, \u00a0vendo <a href=\"https:\/\/wandilsonramalho.com.br\/blog\/?p=9332\">&#8230;<\/a><\/p>\n","protected":false},"author":2,"featured_media":9333,"comment_status":"open","ping_status":"open","sticky":false,"template":"","format":"standard","meta":{"_jetpack_memberships_contains_paid_content":false,"footnotes":""},"categories":[38],"tags":[],"class_list":["post-9332","post","type-post","status-publish","format-standard","has-post-thumbnail","hentry","category-especiais"],"jetpack_featured_media_url":"https:\/\/i0.wp.com\/wandilsonramalho.com.br\/blog\/wp-content\/uploads\/2021\/01\/f05-familia.jpg?fit=1280%2C960&ssl=1","jetpack_sharing_enabled":true,"_links":{"self":[{"href":"https:\/\/wandilsonramalho.com.br\/blog\/index.php?rest_route=\/wp\/v2\/posts\/9332","targetHints":{"allow":["GET"]}}],"collection":[{"href":"https:\/\/wandilsonramalho.com.br\/blog\/index.php?rest_route=\/wp\/v2\/posts"}],"about":[{"href":"https:\/\/wandilsonramalho.com.br\/blog\/index.php?rest_route=\/wp\/v2\/types\/post"}],"author":[{"embeddable":true,"href":"https:\/\/wandilsonramalho.com.br\/blog\/index.php?rest_route=\/wp\/v2\/users\/2"}],"replies":[{"embeddable":true,"href":"https:\/\/wandilsonramalho.com.br\/blog\/index.php?rest_route=%2Fwp%2Fv2%2Fcomments&post=9332"}],"version-history":[{"count":1,"href":"https:\/\/wandilsonramalho.com.br\/blog\/index.php?rest_route=\/wp\/v2\/posts\/9332\/revisions"}],"predecessor-version":[{"id":9334,"href":"https:\/\/wandilsonramalho.com.br\/blog\/index.php?rest_route=\/wp\/v2\/posts\/9332\/revisions\/9334"}],"wp:featuredmedia":[{"embeddable":true,"href":"https:\/\/wandilsonramalho.com.br\/blog\/index.php?rest_route=\/wp\/v2\/media\/9333"}],"wp:attachment":[{"href":"https:\/\/wandilsonramalho.com.br\/blog\/index.php?rest_route=%2Fwp%2Fv2%2Fmedia&parent=9332"}],"wp:term":[{"taxonomy":"category","embeddable":true,"href":"https:\/\/wandilsonramalho.com.br\/blog\/index.php?rest_route=%2Fwp%2Fv2%2Fcategories&post=9332"},{"taxonomy":"post_tag","embeddable":true,"href":"https:\/\/wandilsonramalho.com.br\/blog\/index.php?rest_route=%2Fwp%2Fv2%2Ftags&post=9332"}],"curies":[{"name":"wp","href":"https:\/\/api.w.org\/{rel}","templated":true}]}}