{"id":9296,"date":"2021-01-01T02:13:00","date_gmt":"2021-01-01T05:13:00","guid":{"rendered":"https:\/\/wandilsonramalho.com.br\/blog\/?p=9296"},"modified":"2020-12-30T21:21:21","modified_gmt":"2020-12-31T00:21:21","slug":"em-cerimonia-juninho-alves-e-paulo-brasil-serao-empossados","status":"publish","type":"post","link":"https:\/\/wandilsonramalho.com.br\/blog\/?p=9296","title":{"rendered":"em cerimonia, juninho alves e paulo brasil ser\u00e3o empossados"},"content":{"rendered":"\n<p>Com alegria e certeza do dever cumprido , o prefeito Juninho Alves e o vice Paulo Brasil ser\u00e3o empossados em cerim\u00f4nia no Audit\u00f3rio da UFERSA \/Cara\u00fabas hoje , no primeiro dia do ano de 2021 \u00e0s 18 horas.<\/p>\n\n\n\n<p>Com a vit\u00f3ria soberana do povo , eles comandar\u00e3o o nosso municipio por mais quatro anos .<\/p>\n\n\n\n<p>Parab\u00e9ns e sucesso.<\/p>\n","protected":false},"excerpt":{"rendered":"<p>Com alegria e certeza do dever cumprido , o prefeito Juninho Alves e o vice Paulo Brasil ser\u00e3o empossados em cerim\u00f4nia no Audit\u00f3rio da UFERSA \/Cara\u00fabas hoje , no primeiro dia do ano de 2021 \u00e0s 18 horas. Com a vit\u00f3ria soberana do povo , eles comandar\u00e3o o nosso municipio por mais quatro anos . <a href=\"https:\/\/wandilsonramalho.com.br\/blog\/?p=9296\">&#8230;<\/a><\/p>\n","protected":false},"author":2,"featured_media":9297,"comment_status":"open","ping_status":"open","sticky":false,"template":"","format":"standard","meta":{"_jetpack_memberships_contains_paid_content":false,"footnotes":""},"categories":[18],"tags":[],"class_list":["post-9296","post","type-post","status-publish","format-standard","has-post-thumbnail","hentry","category-caraubas"],"jetpack_featured_media_url":"https:\/\/i0.wp.com\/wandilsonramalho.com.br\/blog\/wp-content\/uploads\/2020\/12\/131424338_2882703178681005_5268138991126088797_n-1.jpg?fit=512%2C446&ssl=1","jetpack_sharing_enabled":true,"_links":{"self":[{"href":"https:\/\/wandilsonramalho.com.br\/blog\/index.php?rest_route=\/wp\/v2\/posts\/9296","targetHints":{"allow":["GET"]}}],"collection":[{"href":"https:\/\/wandilsonramalho.com.br\/blog\/index.php?rest_route=\/wp\/v2\/posts"}],"about":[{"href":"https:\/\/wandilsonramalho.com.br\/blog\/index.php?rest_route=\/wp\/v2\/types\/post"}],"author":[{"embeddable":true,"href":"https:\/\/wandilsonramalho.com.br\/blog\/index.php?rest_route=\/wp\/v2\/users\/2"}],"replies":[{"embeddable":true,"href":"https:\/\/wandilsonramalho.com.br\/blog\/index.php?rest_route=%2Fwp%2Fv2%2Fcomments&post=9296"}],"version-history":[{"count":1,"href":"https:\/\/wandilsonramalho.com.br\/blog\/index.php?rest_route=\/wp\/v2\/posts\/9296\/revisions"}],"predecessor-version":[{"id":9298,"href":"https:\/\/wandilsonramalho.com.br\/blog\/index.php?rest_route=\/wp\/v2\/posts\/9296\/revisions\/9298"}],"wp:featuredmedia":[{"embeddable":true,"href":"https:\/\/wandilsonramalho.com.br\/blog\/index.php?rest_route=\/wp\/v2\/media\/9297"}],"wp:attachment":[{"href":"https:\/\/wandilsonramalho.com.br\/blog\/index.php?rest_route=%2Fwp%2Fv2%2Fmedia&parent=9296"}],"wp:term":[{"taxonomy":"category","embeddable":true,"href":"https:\/\/wandilsonramalho.com.br\/blog\/index.php?rest_route=%2Fwp%2Fv2%2Fcategories&post=9296"},{"taxonomy":"post_tag","embeddable":true,"href":"https:\/\/wandilsonramalho.com.br\/blog\/index.php?rest_route=%2Fwp%2Fv2%2Ftags&post=9296"}],"curies":[{"name":"wp","href":"https:\/\/api.w.org\/{rel}","templated":true}]}}