{"id":9276,"date":"2021-01-01T01:42:00","date_gmt":"2021-01-01T04:42:00","guid":{"rendered":"https:\/\/wandilsonramalho.com.br\/blog\/?p=9276"},"modified":"2020-12-30T20:46:13","modified_gmt":"2020-12-30T23:46:13","slug":"cassiano-gurgel-lima-comandara-a-presidencia-da-cdl-caraubas-rn","status":"publish","type":"post","link":"https:\/\/wandilsonramalho.com.br\/blog\/?p=9276","title":{"rendered":"cassiano gurgel lima comandar\u00e1 a presid\u00eancia da cdl -cara\u00fabas \/rn."},"content":{"rendered":"\n<p><strong>O jovem empreendedor que Cara\u00fabas aplaude  , o empres\u00e1rio Cassiano Gurgel Lima assumir\u00e1 a presid\u00eancia da C\u00e2mara de Dirigentes Lojistas _CDL dia 05 ter\u00e7a feira \u00e0s 19 horas no Sindicato dos Servidores P\u00fablicos Municiais de Cara\u00fabas -SiNDSPUMC .<\/strong><\/p>\n\n\n\n<p><strong>Agradecemos <\/strong> <strong>o honroso convite .<\/strong>.<\/p>\n","protected":false},"excerpt":{"rendered":"<p>O jovem empreendedor que Cara\u00fabas aplaude , o empres\u00e1rio Cassiano Gurgel Lima assumir\u00e1 a presid\u00eancia da C\u00e2mara de Dirigentes Lojistas _CDL dia 05 ter\u00e7a feira \u00e0s 19 horas no Sindicato dos Servidores P\u00fablicos Municiais de Cara\u00fabas -SiNDSPUMC . Agradecemos o honroso convite .. <a href=\"https:\/\/wandilsonramalho.com.br\/blog\/?p=9276\">&#8230;<\/a><\/p>\n","protected":false},"author":2,"featured_media":9277,"comment_status":"open","ping_status":"open","sticky":false,"template":"","format":"standard","meta":{"_jetpack_memberships_contains_paid_content":false,"footnotes":""},"categories":[18],"tags":[],"class_list":["post-9276","post","type-post","status-publish","format-standard","has-post-thumbnail","hentry","category-caraubas"],"jetpack_featured_media_url":"https:\/\/i0.wp.com\/wandilsonramalho.com.br\/blog\/wp-content\/uploads\/2020\/12\/75485158_2503258549790502_1185054779173240832_n-3.jpg?fit=480%2C480&ssl=1","jetpack_sharing_enabled":true,"_links":{"self":[{"href":"https:\/\/wandilsonramalho.com.br\/blog\/index.php?rest_route=\/wp\/v2\/posts\/9276","targetHints":{"allow":["GET"]}}],"collection":[{"href":"https:\/\/wandilsonramalho.com.br\/blog\/index.php?rest_route=\/wp\/v2\/posts"}],"about":[{"href":"https:\/\/wandilsonramalho.com.br\/blog\/index.php?rest_route=\/wp\/v2\/types\/post"}],"author":[{"embeddable":true,"href":"https:\/\/wandilsonramalho.com.br\/blog\/index.php?rest_route=\/wp\/v2\/users\/2"}],"replies":[{"embeddable":true,"href":"https:\/\/wandilsonramalho.com.br\/blog\/index.php?rest_route=%2Fwp%2Fv2%2Fcomments&post=9276"}],"version-history":[{"count":2,"href":"https:\/\/wandilsonramalho.com.br\/blog\/index.php?rest_route=\/wp\/v2\/posts\/9276\/revisions"}],"predecessor-version":[{"id":9279,"href":"https:\/\/wandilsonramalho.com.br\/blog\/index.php?rest_route=\/wp\/v2\/posts\/9276\/revisions\/9279"}],"wp:featuredmedia":[{"embeddable":true,"href":"https:\/\/wandilsonramalho.com.br\/blog\/index.php?rest_route=\/wp\/v2\/media\/9277"}],"wp:attachment":[{"href":"https:\/\/wandilsonramalho.com.br\/blog\/index.php?rest_route=%2Fwp%2Fv2%2Fmedia&parent=9276"}],"wp:term":[{"taxonomy":"category","embeddable":true,"href":"https:\/\/wandilsonramalho.com.br\/blog\/index.php?rest_route=%2Fwp%2Fv2%2Fcategories&post=9276"},{"taxonomy":"post_tag","embeddable":true,"href":"https:\/\/wandilsonramalho.com.br\/blog\/index.php?rest_route=%2Fwp%2Fv2%2Ftags&post=9276"}],"curies":[{"name":"wp","href":"https:\/\/api.w.org\/{rel}","templated":true}]}}