{"id":9266,"date":"2020-01-01T01:24:00","date_gmt":"2020-01-01T04:24:00","guid":{"rendered":"https:\/\/wandilsonramalho.com.br\/blog\/?p=9266"},"modified":"2020-12-30T20:32:24","modified_gmt":"2020-12-30T23:32:24","slug":"posse-dos-eleitos-prefeito-juninho-alves-e-vice-paulo-brasil","status":"publish","type":"post","link":"https:\/\/wandilsonramalho.com.br\/blog\/?p=9266","title":{"rendered":"posse dos eleitos , prefeito juninho alves  e vice paulo brASIL ."},"content":{"rendered":"\n<p>\u00c9 hoje, em cerim\u00f4nia solene a posse dos eleitos , o prefeito Antonio Alves da Silva e o vice Paulo de Paiva Brasil \u00e0s 18 horas no Audit\u00f3rio da UFERSA-Cara\u00fabas -RN.<\/p>\n\n\n\n<p>Pela vontade soberana do povo , eles comandar\u00e3o nosso municipio por mais quatro anos .<\/p>\n\n\n\n<p>Parab\u00e9ns e sucesso.<\/p>\n","protected":false},"excerpt":{"rendered":"<p>\u00c9 hoje, em cerim\u00f4nia solene a posse dos eleitos , o prefeito Antonio Alves da Silva e o vice Paulo de Paiva Brasil \u00e0s 18 horas no Audit\u00f3rio da UFERSA-Cara\u00fabas -RN. Pela vontade soberana do povo , eles comandar\u00e3o nosso municipio por mais quatro anos . Parab\u00e9ns e sucesso. <a href=\"https:\/\/wandilsonramalho.com.br\/blog\/?p=9266\">&#8230;<\/a><\/p>\n","protected":false},"author":2,"featured_media":9267,"comment_status":"open","ping_status":"open","sticky":false,"template":"","format":"standard","meta":{"_jetpack_memberships_contains_paid_content":false,"footnotes":""},"categories":[18],"tags":[],"class_list":["post-9266","post","type-post","status-publish","format-standard","has-post-thumbnail","hentry","category-caraubas"],"jetpack_featured_media_url":"https:\/\/i0.wp.com\/wandilsonramalho.com.br\/blog\/wp-content\/uploads\/2020\/12\/131424338_2882703178681005_5268138991126088797_n.jpg?fit=512%2C446&ssl=1","jetpack_sharing_enabled":true,"_links":{"self":[{"href":"https:\/\/wandilsonramalho.com.br\/blog\/index.php?rest_route=\/wp\/v2\/posts\/9266","targetHints":{"allow":["GET"]}}],"collection":[{"href":"https:\/\/wandilsonramalho.com.br\/blog\/index.php?rest_route=\/wp\/v2\/posts"}],"about":[{"href":"https:\/\/wandilsonramalho.com.br\/blog\/index.php?rest_route=\/wp\/v2\/types\/post"}],"author":[{"embeddable":true,"href":"https:\/\/wandilsonramalho.com.br\/blog\/index.php?rest_route=\/wp\/v2\/users\/2"}],"replies":[{"embeddable":true,"href":"https:\/\/wandilsonramalho.com.br\/blog\/index.php?rest_route=%2Fwp%2Fv2%2Fcomments&post=9266"}],"version-history":[{"count":1,"href":"https:\/\/wandilsonramalho.com.br\/blog\/index.php?rest_route=\/wp\/v2\/posts\/9266\/revisions"}],"predecessor-version":[{"id":9268,"href":"https:\/\/wandilsonramalho.com.br\/blog\/index.php?rest_route=\/wp\/v2\/posts\/9266\/revisions\/9268"}],"wp:featuredmedia":[{"embeddable":true,"href":"https:\/\/wandilsonramalho.com.br\/blog\/index.php?rest_route=\/wp\/v2\/media\/9267"}],"wp:attachment":[{"href":"https:\/\/wandilsonramalho.com.br\/blog\/index.php?rest_route=%2Fwp%2Fv2%2Fmedia&parent=9266"}],"wp:term":[{"taxonomy":"category","embeddable":true,"href":"https:\/\/wandilsonramalho.com.br\/blog\/index.php?rest_route=%2Fwp%2Fv2%2Fcategories&post=9266"},{"taxonomy":"post_tag","embeddable":true,"href":"https:\/\/wandilsonramalho.com.br\/blog\/index.php?rest_route=%2Fwp%2Fv2%2Ftags&post=9266"}],"curies":[{"name":"wp","href":"https:\/\/api.w.org\/{rel}","templated":true}]}}