{"id":9262,"date":"2020-01-01T01:19:00","date_gmt":"2020-01-01T04:19:00","guid":{"rendered":"https:\/\/wandilsonramalho.com.br\/blog\/?p=9262"},"modified":"2020-12-30T20:36:21","modified_gmt":"2020-12-30T23:36:21","slug":"cassiano-gurgel-sera-o-novo-presidente-da-cdl-de-caraubas","status":"publish","type":"post","link":"https:\/\/wandilsonramalho.com.br\/blog\/?p=9262","title":{"rendered":"cassiano gurgel SER\u00c1 O NOVO PRESIDENTE DA CDL DE CARA\u00daBAS .."},"content":{"rendered":"\n<p><strong>O jovem empreendedor dos bons  , o empres\u00e1rio Cassiano Gurgel Lima assumir\u00e1 a presid\u00eancia da C\u00e2mara de Dirigentes Lojistas _CDL dia 05 ter\u00e7a feira \u00e0s 19 horas no Sindicato dos Servidores P\u00fablicos Municiais de Cara\u00fabas -SiNDSPUMC .<\/strong><\/p>\n\n\n\n<p><strong>Agradecemos o honroso convite .<\/strong><\/p>\n","protected":false},"excerpt":{"rendered":"<p>O jovem empreendedor dos bons , o empres\u00e1rio Cassiano Gurgel Lima assumir\u00e1 a presid\u00eancia da C\u00e2mara de Dirigentes Lojistas _CDL dia 05 ter\u00e7a feira \u00e0s 19 horas no Sindicato dos Servidores P\u00fablicos Municiais de Cara\u00fabas -SiNDSPUMC . Agradecemos o honroso convite . <a href=\"https:\/\/wandilsonramalho.com.br\/blog\/?p=9262\">&#8230;<\/a><\/p>\n","protected":false},"author":2,"featured_media":9269,"comment_status":"open","ping_status":"open","sticky":false,"template":"","format":"standard","meta":{"_jetpack_memberships_contains_paid_content":false,"footnotes":""},"categories":[18],"tags":[],"class_list":["post-9262","post","type-post","status-publish","format-standard","has-post-thumbnail","hentry","category-caraubas"],"jetpack_featured_media_url":"https:\/\/i0.wp.com\/wandilsonramalho.com.br\/blog\/wp-content\/uploads\/2020\/12\/75485158_2503258549790502_1185054779173240832_n-1.jpg?fit=480%2C480&ssl=1","jetpack_sharing_enabled":true,"_links":{"self":[{"href":"https:\/\/wandilsonramalho.com.br\/blog\/index.php?rest_route=\/wp\/v2\/posts\/9262","targetHints":{"allow":["GET"]}}],"collection":[{"href":"https:\/\/wandilsonramalho.com.br\/blog\/index.php?rest_route=\/wp\/v2\/posts"}],"about":[{"href":"https:\/\/wandilsonramalho.com.br\/blog\/index.php?rest_route=\/wp\/v2\/types\/post"}],"author":[{"embeddable":true,"href":"https:\/\/wandilsonramalho.com.br\/blog\/index.php?rest_route=\/wp\/v2\/users\/2"}],"replies":[{"embeddable":true,"href":"https:\/\/wandilsonramalho.com.br\/blog\/index.php?rest_route=%2Fwp%2Fv2%2Fcomments&post=9262"}],"version-history":[{"count":2,"href":"https:\/\/wandilsonramalho.com.br\/blog\/index.php?rest_route=\/wp\/v2\/posts\/9262\/revisions"}],"predecessor-version":[{"id":9270,"href":"https:\/\/wandilsonramalho.com.br\/blog\/index.php?rest_route=\/wp\/v2\/posts\/9262\/revisions\/9270"}],"wp:featuredmedia":[{"embeddable":true,"href":"https:\/\/wandilsonramalho.com.br\/blog\/index.php?rest_route=\/wp\/v2\/media\/9269"}],"wp:attachment":[{"href":"https:\/\/wandilsonramalho.com.br\/blog\/index.php?rest_route=%2Fwp%2Fv2%2Fmedia&parent=9262"}],"wp:term":[{"taxonomy":"category","embeddable":true,"href":"https:\/\/wandilsonramalho.com.br\/blog\/index.php?rest_route=%2Fwp%2Fv2%2Fcategories&post=9262"},{"taxonomy":"post_tag","embeddable":true,"href":"https:\/\/wandilsonramalho.com.br\/blog\/index.php?rest_route=%2Fwp%2Fv2%2Ftags&post=9262"}],"curies":[{"name":"wp","href":"https:\/\/api.w.org\/{rel}","templated":true}]}}