{"id":8956,"date":"2020-12-15T01:58:02","date_gmt":"2020-12-15T04:58:02","guid":{"rendered":"https:\/\/wandilsonramalho.com.br\/blog\/?p=8956"},"modified":"2020-12-14T16:02:02","modified_gmt":"2020-12-14T19:02:02","slug":"gratos-pelo-convite-isla-linhares","status":"publish","type":"post","link":"https:\/\/wandilsonramalho.com.br\/blog\/?p=8956","title":{"rendered":"gratos pelo convite , isla linhares"},"content":{"rendered":"\n<p><strong>Isla Linhares tem bom gosto, conhece muito bem\u00a0 as tend\u00eancias da moda, entende do que \u00e9 se vestir bem.\u00a0 <\/strong><\/p>\n\n\n\n<p><strong>Ela, hoje inaugurando sua loja f\u00edsica &#8221; Isla Linhares Boutique &#8220;a partir das 9 horas , localizada na rua Prof. Zozimo , centro de Cara\u00fabas .<\/strong><\/p>\n\n\n\n<p><strong>As mulheres com certeza com mais op\u00e7\u00f5es em se vestir bem .<\/strong><\/p>\n","protected":false},"excerpt":{"rendered":"<p>Isla Linhares tem bom gosto, conhece muito bem\u00a0 as tend\u00eancias da moda, entende do que \u00e9 se vestir bem.\u00a0 Ela, hoje inaugurando sua loja f\u00edsica &#8221; Isla Linhares Boutique &#8220;a partir das 9 horas , localizada na rua Prof. Zozimo , centro de Cara\u00fabas . As mulheres com certeza com mais op\u00e7\u00f5es em se vestir <a href=\"https:\/\/wandilsonramalho.com.br\/blog\/?p=8956\">&#8230;<\/a><\/p>\n","protected":false},"author":2,"featured_media":8960,"comment_status":"open","ping_status":"open","sticky":false,"template":"","format":"standard","meta":{"_jetpack_memberships_contains_paid_content":false,"footnotes":""},"categories":[38],"tags":[],"class_list":["post-8956","post","type-post","status-publish","format-standard","has-post-thumbnail","hentry","category-especiais"],"jetpack_featured_media_url":"https:\/\/i0.wp.com\/wandilsonramalho.com.br\/blog\/wp-content\/uploads\/2020\/12\/f02-isla-1.jpg?fit=366%2C640&ssl=1","jetpack_sharing_enabled":true,"_links":{"self":[{"href":"https:\/\/wandilsonramalho.com.br\/blog\/index.php?rest_route=\/wp\/v2\/posts\/8956","targetHints":{"allow":["GET"]}}],"collection":[{"href":"https:\/\/wandilsonramalho.com.br\/blog\/index.php?rest_route=\/wp\/v2\/posts"}],"about":[{"href":"https:\/\/wandilsonramalho.com.br\/blog\/index.php?rest_route=\/wp\/v2\/types\/post"}],"author":[{"embeddable":true,"href":"https:\/\/wandilsonramalho.com.br\/blog\/index.php?rest_route=\/wp\/v2\/users\/2"}],"replies":[{"embeddable":true,"href":"https:\/\/wandilsonramalho.com.br\/blog\/index.php?rest_route=%2Fwp%2Fv2%2Fcomments&post=8956"}],"version-history":[{"count":1,"href":"https:\/\/wandilsonramalho.com.br\/blog\/index.php?rest_route=\/wp\/v2\/posts\/8956\/revisions"}],"predecessor-version":[{"id":8958,"href":"https:\/\/wandilsonramalho.com.br\/blog\/index.php?rest_route=\/wp\/v2\/posts\/8956\/revisions\/8958"}],"wp:featuredmedia":[{"embeddable":true,"href":"https:\/\/wandilsonramalho.com.br\/blog\/index.php?rest_route=\/wp\/v2\/media\/8960"}],"wp:attachment":[{"href":"https:\/\/wandilsonramalho.com.br\/blog\/index.php?rest_route=%2Fwp%2Fv2%2Fmedia&parent=8956"}],"wp:term":[{"taxonomy":"category","embeddable":true,"href":"https:\/\/wandilsonramalho.com.br\/blog\/index.php?rest_route=%2Fwp%2Fv2%2Fcategories&post=8956"},{"taxonomy":"post_tag","embeddable":true,"href":"https:\/\/wandilsonramalho.com.br\/blog\/index.php?rest_route=%2Fwp%2Fv2%2Ftags&post=8956"}],"curies":[{"name":"wp","href":"https:\/\/api.w.org\/{rel}","templated":true}]}}