{"id":8953,"date":"2020-12-15T01:55:50","date_gmt":"2020-12-15T04:55:50","guid":{"rendered":"https:\/\/wandilsonramalho.com.br\/blog\/?p=8953"},"modified":"2020-12-14T15:57:49","modified_gmt":"2020-12-14T18:57:49","slug":"festa-de-santa-luzia-de-muita-luz","status":"publish","type":"post","link":"https:\/\/wandilsonramalho.com.br\/blog\/?p=8953","title":{"rendered":"festa de santa luzia , de muita luz .."},"content":{"rendered":"\n<p><strong>Festa que encantou todos n\u00f3s , a Festa de Santa Luzia em Mossor\u00f3 que encerrou domingo , nos dando um banho de f\u00e9, emo\u00e7\u00e3o \u00a0e \u00a0muita devo\u00e7\u00e3o a Santa dos Olhos . <\/strong><\/p>\n\n\n\n<p><strong>Tudo preparado e executado com muita maestria\u00a0 pelo padre Flavio Forte Melo vig\u00e1rio geral e uma grandiosa equipe . <\/strong><\/p>\n\n\n\n<p><strong>O Bispo Dom Mariano Manzana foi presen\u00e7a marcante na festa. <\/strong><\/p>\n\n\n\n<p><strong>Acompanhamos tudo pela TCM (que fez bonito ).<\/strong><\/p>\n\n\n\n<p><strong> Padre Fl\u00e1vio, que Santa Luzia lhe ilumine!<\/strong><\/p>\n","protected":false},"excerpt":{"rendered":"<p>Festa que encantou todos n\u00f3s , a Festa de Santa Luzia em Mossor\u00f3 que encerrou domingo , nos dando um banho de f\u00e9, emo\u00e7\u00e3o \u00a0e \u00a0muita devo\u00e7\u00e3o a Santa dos Olhos . Tudo preparado e executado com muita maestria\u00a0 pelo padre Flavio Forte Melo vig\u00e1rio geral e uma grandiosa equipe . O Bispo Dom Mariano <a href=\"https:\/\/wandilsonramalho.com.br\/blog\/?p=8953\">&#8230;<\/a><\/p>\n","protected":false},"author":2,"featured_media":8954,"comment_status":"open","ping_status":"open","sticky":false,"template":"","format":"standard","meta":{"_jetpack_memberships_contains_paid_content":false,"footnotes":""},"categories":[38],"tags":[],"class_list":["post-8953","post","type-post","status-publish","format-standard","has-post-thumbnail","hentry","category-especiais"],"jetpack_featured_media_url":"https:\/\/i0.wp.com\/wandilsonramalho.com.br\/blog\/wp-content\/uploads\/2020\/12\/f03-padre-flavio-augusto.jpg?fit=845%2C550&ssl=1","jetpack_sharing_enabled":true,"_links":{"self":[{"href":"https:\/\/wandilsonramalho.com.br\/blog\/index.php?rest_route=\/wp\/v2\/posts\/8953","targetHints":{"allow":["GET"]}}],"collection":[{"href":"https:\/\/wandilsonramalho.com.br\/blog\/index.php?rest_route=\/wp\/v2\/posts"}],"about":[{"href":"https:\/\/wandilsonramalho.com.br\/blog\/index.php?rest_route=\/wp\/v2\/types\/post"}],"author":[{"embeddable":true,"href":"https:\/\/wandilsonramalho.com.br\/blog\/index.php?rest_route=\/wp\/v2\/users\/2"}],"replies":[{"embeddable":true,"href":"https:\/\/wandilsonramalho.com.br\/blog\/index.php?rest_route=%2Fwp%2Fv2%2Fcomments&post=8953"}],"version-history":[{"count":1,"href":"https:\/\/wandilsonramalho.com.br\/blog\/index.php?rest_route=\/wp\/v2\/posts\/8953\/revisions"}],"predecessor-version":[{"id":8955,"href":"https:\/\/wandilsonramalho.com.br\/blog\/index.php?rest_route=\/wp\/v2\/posts\/8953\/revisions\/8955"}],"wp:featuredmedia":[{"embeddable":true,"href":"https:\/\/wandilsonramalho.com.br\/blog\/index.php?rest_route=\/wp\/v2\/media\/8954"}],"wp:attachment":[{"href":"https:\/\/wandilsonramalho.com.br\/blog\/index.php?rest_route=%2Fwp%2Fv2%2Fmedia&parent=8953"}],"wp:term":[{"taxonomy":"category","embeddable":true,"href":"https:\/\/wandilsonramalho.com.br\/blog\/index.php?rest_route=%2Fwp%2Fv2%2Fcategories&post=8953"},{"taxonomy":"post_tag","embeddable":true,"href":"https:\/\/wandilsonramalho.com.br\/blog\/index.php?rest_route=%2Fwp%2Fv2%2Ftags&post=8953"}],"curies":[{"name":"wp","href":"https:\/\/api.w.org\/{rel}","templated":true}]}}