{"id":8879,"date":"2020-12-12T00:24:26","date_gmt":"2020-12-12T03:24:26","guid":{"rendered":"https:\/\/wandilsonramalho.com.br\/blog\/?p=8879"},"modified":"2020-12-11T10:34:31","modified_gmt":"2020-12-11T13:34:31","slug":"so-o-amor","status":"publish","type":"post","link":"https:\/\/wandilsonramalho.com.br\/blog\/?p=8879","title":{"rendered":"s\u00f3 o amor"},"content":{"rendered":"\n<p>Todas as situa\u00e7\u00f5es aflitivas de nossa vida devem ser interpretadas de acordo com nossa \u00f3tica.<\/p>\n\n\n\n<p>A doen\u00e7a \u00e9 um chamado para o amor.<\/p>\n\n\n\n<p>O vazio existencial \u00e9 uma convoca\u00e7\u00e3o para o amor .<\/p>\n\n\n\n<p>O relacionamento conflituoso \u00e9 um apelo para o amor.<\/p>\n\n\n\n<p>O \u00f3dio \u00e9 um chamado urgente para o amor .<\/p>\n\n\n\n<p>A guerra \u00e9 um chamado inadi\u00e1vel para o amor .<\/p>\n\n\n\n<p>Que voc\u00ea escute o chamado para que reencontre a felicidade o quanto antes .<\/p>\n\n\n\n<p>S\u00f3 o amor \u00e9 capaz de nos salvar da dor e sofrimento .<\/p>\n\n\n\n<p>Do livro Cura e Liberta\u00e7\u00e3o de Jos\u00e9 Carlos de Lucca .<\/p>\n\n\n\n<p>Eu indico ..<\/p>\n","protected":false},"excerpt":{"rendered":"<p>Todas as situa\u00e7\u00f5es aflitivas de nossa vida devem ser interpretadas de acordo com nossa \u00f3tica. A doen\u00e7a \u00e9 um chamado para o amor. O vazio existencial \u00e9 uma convoca\u00e7\u00e3o para o amor . O relacionamento conflituoso \u00e9 um apelo para o amor. O \u00f3dio \u00e9 um chamado urgente para o amor . A guerra \u00e9 <a href=\"https:\/\/wandilsonramalho.com.br\/blog\/?p=8879\">&#8230;<\/a><\/p>\n","protected":false},"author":2,"featured_media":8880,"comment_status":"open","ping_status":"open","sticky":false,"template":"","format":"standard","meta":{"_jetpack_memberships_contains_paid_content":false,"footnotes":""},"categories":[2],"tags":[],"class_list":["post-8879","post","type-post","status-publish","format-standard","has-post-thumbnail","hentry","category-mensagens"],"jetpack_featured_media_url":"https:\/\/i0.wp.com\/wandilsonramalho.com.br\/blog\/wp-content\/uploads\/2020\/12\/cura-e-libertacao-a5553574.jpg?fit=315%2C450&ssl=1","jetpack_sharing_enabled":true,"_links":{"self":[{"href":"https:\/\/wandilsonramalho.com.br\/blog\/index.php?rest_route=\/wp\/v2\/posts\/8879","targetHints":{"allow":["GET"]}}],"collection":[{"href":"https:\/\/wandilsonramalho.com.br\/blog\/index.php?rest_route=\/wp\/v2\/posts"}],"about":[{"href":"https:\/\/wandilsonramalho.com.br\/blog\/index.php?rest_route=\/wp\/v2\/types\/post"}],"author":[{"embeddable":true,"href":"https:\/\/wandilsonramalho.com.br\/blog\/index.php?rest_route=\/wp\/v2\/users\/2"}],"replies":[{"embeddable":true,"href":"https:\/\/wandilsonramalho.com.br\/blog\/index.php?rest_route=%2Fwp%2Fv2%2Fcomments&post=8879"}],"version-history":[{"count":2,"href":"https:\/\/wandilsonramalho.com.br\/blog\/index.php?rest_route=\/wp\/v2\/posts\/8879\/revisions"}],"predecessor-version":[{"id":8882,"href":"https:\/\/wandilsonramalho.com.br\/blog\/index.php?rest_route=\/wp\/v2\/posts\/8879\/revisions\/8882"}],"wp:featuredmedia":[{"embeddable":true,"href":"https:\/\/wandilsonramalho.com.br\/blog\/index.php?rest_route=\/wp\/v2\/media\/8880"}],"wp:attachment":[{"href":"https:\/\/wandilsonramalho.com.br\/blog\/index.php?rest_route=%2Fwp%2Fv2%2Fmedia&parent=8879"}],"wp:term":[{"taxonomy":"category","embeddable":true,"href":"https:\/\/wandilsonramalho.com.br\/blog\/index.php?rest_route=%2Fwp%2Fv2%2Fcategories&post=8879"},{"taxonomy":"post_tag","embeddable":true,"href":"https:\/\/wandilsonramalho.com.br\/blog\/index.php?rest_route=%2Fwp%2Fv2%2Ftags&post=8879"}],"curies":[{"name":"wp","href":"https:\/\/api.w.org\/{rel}","templated":true}]}}