{"id":8769,"date":"2020-12-05T01:10:57","date_gmt":"2020-12-05T04:10:57","guid":{"rendered":"https:\/\/wandilsonramalho.com.br\/blog\/?p=8769"},"modified":"2020-12-04T21:25:30","modified_gmt":"2020-12-05T00:25:30","slug":"medidas-da-governadora-fatima-bezerra","status":"publish","type":"post","link":"https:\/\/wandilsonramalho.com.br\/blog\/?p=8769","title":{"rendered":"medidas da governadora f\u00e1tima bezerra"},"content":{"rendered":"\n<p>Por causa de um novo aumento dos casos de covid 19 ,  a  Governadora F\u00e1tima Bezerra\u00a0 anunciou ontem a\u00a0 reabertura de 89 leitos para covid-19 e afirma\u00a0 que RN vai reanalisar autoriza\u00e7\u00f5es para eventos no fim de ano.<\/p>\n\n\n\n<p>E mais anunciou\u00a0 convoca\u00e7\u00e3o de prefeitos para reuni\u00f5es sobre a opera\u00e7\u00e3o Pacto Pela Vida.<\/p>\n\n\n\n<p>Mais\u00a0 fiscaliza\u00e7\u00f5es no estado.<\/p>\n\n\n\n<h6 class=\"wp-block-heading\">Foto: Everton Dantas\/Divulga\u00e7\u00e3o)<\/h6>\n\n\n\n<h2 class=\"wp-block-heading\"><\/h2>\n","protected":false},"excerpt":{"rendered":"<p>Por causa de um novo aumento dos casos de covid 19 , a Governadora F\u00e1tima Bezerra\u00a0 anunciou ontem a\u00a0 reabertura de 89 leitos para covid-19 e afirma\u00a0 que RN vai reanalisar autoriza\u00e7\u00f5es para eventos no fim de ano. E mais anunciou\u00a0 convoca\u00e7\u00e3o de prefeitos para reuni\u00f5es sobre a opera\u00e7\u00e3o Pacto Pela Vida. Mais\u00a0 fiscaliza\u00e7\u00f5es no <a href=\"https:\/\/wandilsonramalho.com.br\/blog\/?p=8769\">&#8230;<\/a><\/p>\n","protected":false},"author":2,"featured_media":8770,"comment_status":"open","ping_status":"open","sticky":false,"template":"","format":"standard","meta":{"_jetpack_memberships_contains_paid_content":false,"footnotes":""},"categories":[38],"tags":[],"class_list":["post-8769","post","type-post","status-publish","format-standard","has-post-thumbnail","hentry","category-especiais"],"jetpack_featured_media_url":"https:\/\/i0.wp.com\/wandilsonramalho.com.br\/blog\/wp-content\/uploads\/2020\/12\/Fatima-Bezerra_1_Foto-Everton-Dantas-Divulgacao.jpg?fit=1200%2C640&ssl=1","jetpack_sharing_enabled":true,"_links":{"self":[{"href":"https:\/\/wandilsonramalho.com.br\/blog\/index.php?rest_route=\/wp\/v2\/posts\/8769","targetHints":{"allow":["GET"]}}],"collection":[{"href":"https:\/\/wandilsonramalho.com.br\/blog\/index.php?rest_route=\/wp\/v2\/posts"}],"about":[{"href":"https:\/\/wandilsonramalho.com.br\/blog\/index.php?rest_route=\/wp\/v2\/types\/post"}],"author":[{"embeddable":true,"href":"https:\/\/wandilsonramalho.com.br\/blog\/index.php?rest_route=\/wp\/v2\/users\/2"}],"replies":[{"embeddable":true,"href":"https:\/\/wandilsonramalho.com.br\/blog\/index.php?rest_route=%2Fwp%2Fv2%2Fcomments&post=8769"}],"version-history":[{"count":1,"href":"https:\/\/wandilsonramalho.com.br\/blog\/index.php?rest_route=\/wp\/v2\/posts\/8769\/revisions"}],"predecessor-version":[{"id":8771,"href":"https:\/\/wandilsonramalho.com.br\/blog\/index.php?rest_route=\/wp\/v2\/posts\/8769\/revisions\/8771"}],"wp:featuredmedia":[{"embeddable":true,"href":"https:\/\/wandilsonramalho.com.br\/blog\/index.php?rest_route=\/wp\/v2\/media\/8770"}],"wp:attachment":[{"href":"https:\/\/wandilsonramalho.com.br\/blog\/index.php?rest_route=%2Fwp%2Fv2%2Fmedia&parent=8769"}],"wp:term":[{"taxonomy":"category","embeddable":true,"href":"https:\/\/wandilsonramalho.com.br\/blog\/index.php?rest_route=%2Fwp%2Fv2%2Fcategories&post=8769"},{"taxonomy":"post_tag","embeddable":true,"href":"https:\/\/wandilsonramalho.com.br\/blog\/index.php?rest_route=%2Fwp%2Fv2%2Ftags&post=8769"}],"curies":[{"name":"wp","href":"https:\/\/api.w.org\/{rel}","templated":true}]}}