{"id":8725,"date":"2020-12-03T01:26:03","date_gmt":"2020-12-03T04:26:03","guid":{"rendered":"https:\/\/wandilsonramalho.com.br\/blog\/?p=8725"},"modified":"2020-12-02T18:32:25","modified_gmt":"2020-12-02T21:32:25","slug":"santissimo-sacramento","status":"publish","type":"post","link":"https:\/\/wandilsonramalho.com.br\/blog\/?p=8725","title":{"rendered":"sant\u00edssimo sacramento"},"content":{"rendered":"\n<p><strong>A pessoa que se coloca em adora\u00e7\u00e3o est\u00e1 reconhecendo Jesus como \u00fanico Senhor e Salvador<\/strong>.<\/p>\n\n\n\n<p><strong>\u201cOnde est\u00e1 o Rei (\u2026). Viemos ador\u00e1-lo\u201d (Mt 2,2).<\/strong> <\/p>\n\n\n\n<p><strong>Hoje , \u00e0s 15 horas na Capela de Santo Antonio em nossa cidade acontece a Adora\u00e7\u00e3o ao Santissimo Sacramento.<\/strong><\/p>\n","protected":false},"excerpt":{"rendered":"<p>A pessoa que se coloca em adora\u00e7\u00e3o est\u00e1 reconhecendo Jesus como \u00fanico Senhor e Salvador. \u201cOnde est\u00e1 o Rei (\u2026). Viemos ador\u00e1-lo\u201d (Mt 2,2). Hoje , \u00e0s 15 horas na Capela de Santo Antonio em nossa cidade acontece a Adora\u00e7\u00e3o ao Santissimo Sacramento. <a href=\"https:\/\/wandilsonramalho.com.br\/blog\/?p=8725\">&#8230;<\/a><\/p>\n","protected":false},"author":2,"featured_media":8726,"comment_status":"open","ping_status":"open","sticky":false,"template":"","format":"standard","meta":{"_jetpack_memberships_contains_paid_content":false,"footnotes":""},"categories":[38],"tags":[],"class_list":["post-8725","post","type-post","status-publish","format-standard","has-post-thumbnail","hentry","category-especiais"],"jetpack_featured_media_url":"https:\/\/i0.wp.com\/wandilsonramalho.com.br\/blog\/wp-content\/uploads\/2020\/12\/adoracao.jpg?fit=960%2C640&ssl=1","jetpack_sharing_enabled":true,"_links":{"self":[{"href":"https:\/\/wandilsonramalho.com.br\/blog\/index.php?rest_route=\/wp\/v2\/posts\/8725","targetHints":{"allow":["GET"]}}],"collection":[{"href":"https:\/\/wandilsonramalho.com.br\/blog\/index.php?rest_route=\/wp\/v2\/posts"}],"about":[{"href":"https:\/\/wandilsonramalho.com.br\/blog\/index.php?rest_route=\/wp\/v2\/types\/post"}],"author":[{"embeddable":true,"href":"https:\/\/wandilsonramalho.com.br\/blog\/index.php?rest_route=\/wp\/v2\/users\/2"}],"replies":[{"embeddable":true,"href":"https:\/\/wandilsonramalho.com.br\/blog\/index.php?rest_route=%2Fwp%2Fv2%2Fcomments&post=8725"}],"version-history":[{"count":2,"href":"https:\/\/wandilsonramalho.com.br\/blog\/index.php?rest_route=\/wp\/v2\/posts\/8725\/revisions"}],"predecessor-version":[{"id":8728,"href":"https:\/\/wandilsonramalho.com.br\/blog\/index.php?rest_route=\/wp\/v2\/posts\/8725\/revisions\/8728"}],"wp:featuredmedia":[{"embeddable":true,"href":"https:\/\/wandilsonramalho.com.br\/blog\/index.php?rest_route=\/wp\/v2\/media\/8726"}],"wp:attachment":[{"href":"https:\/\/wandilsonramalho.com.br\/blog\/index.php?rest_route=%2Fwp%2Fv2%2Fmedia&parent=8725"}],"wp:term":[{"taxonomy":"category","embeddable":true,"href":"https:\/\/wandilsonramalho.com.br\/blog\/index.php?rest_route=%2Fwp%2Fv2%2Fcategories&post=8725"},{"taxonomy":"post_tag","embeddable":true,"href":"https:\/\/wandilsonramalho.com.br\/blog\/index.php?rest_route=%2Fwp%2Fv2%2Ftags&post=8725"}],"curies":[{"name":"wp","href":"https:\/\/api.w.org\/{rel}","templated":true}]}}