{"id":8706,"date":"2020-12-01T08:47:54","date_gmt":"2020-12-01T11:47:54","guid":{"rendered":"https:\/\/wandilsonramalho.com.br\/blog\/?p=8706"},"modified":"2020-12-01T08:47:55","modified_gmt":"2020-12-01T11:47:55","slug":"geladeira-literaria","status":"publish","type":"post","link":"https:\/\/wandilsonramalho.com.br\/blog\/?p=8706","title":{"rendered":"geladeira liter\u00e1ria .."},"content":{"rendered":"\n<p><strong>O inteligente Fablo T\u00e1cito de Oliveira disse \u201c Em meio as incertezas do momento atual segui pensando em como revitalizar nosso espa\u00e7o\u201d.<\/strong><\/p>\n\n\n\n<p><strong> Sim , o espa\u00e7o da Geladeira Literaria localizado na pra\u00e7a Jo\u00e3o Bosco Benevides (pracinha liter\u00e1ria) reiniciou os trabalhos para a alegria de muito que agora \u00a0tamb\u00e9m j\u00e1 \u00a0est\u00e1 disponibilizando obras de arte.<\/strong><\/p>\n\n\n\n<p><strong>S\u00f3 um lembrete ,\u00a0 para manusear os livros \u00e9 importante seguir todas as orienta\u00e7\u00f5es de preven\u00e7\u00e3o ao v\u00edrus.<\/strong><\/p>\n\n\n\n<p><strong>APLAUSOS , Fablo T\u00e1cito .<\/strong><\/p>\n","protected":false},"excerpt":{"rendered":"<p>O inteligente Fablo T\u00e1cito de Oliveira disse \u201c Em meio as incertezas do momento atual segui pensando em como revitalizar nosso espa\u00e7o\u201d. Sim , o espa\u00e7o da Geladeira Literaria localizado na pra\u00e7a Jo\u00e3o Bosco Benevides (pracinha liter\u00e1ria) reiniciou os trabalhos para a alegria de muito que agora \u00a0tamb\u00e9m j\u00e1 \u00a0est\u00e1 disponibilizando obras de arte. S\u00f3 <a href=\"https:\/\/wandilsonramalho.com.br\/blog\/?p=8706\">&#8230;<\/a><\/p>\n","protected":false},"author":2,"featured_media":8707,"comment_status":"open","ping_status":"open","sticky":false,"template":"","format":"standard","meta":{"_jetpack_memberships_contains_paid_content":false,"footnotes":""},"categories":[38],"tags":[],"class_list":["post-8706","post","type-post","status-publish","format-standard","has-post-thumbnail","hentry","category-especiais"],"jetpack_featured_media_url":"https:\/\/i0.wp.com\/wandilsonramalho.com.br\/blog\/wp-content\/uploads\/2020\/12\/127864501_240141634198446_5667350224002175104_n.jpg?fit=480%2C640&ssl=1","jetpack_sharing_enabled":true,"_links":{"self":[{"href":"https:\/\/wandilsonramalho.com.br\/blog\/index.php?rest_route=\/wp\/v2\/posts\/8706","targetHints":{"allow":["GET"]}}],"collection":[{"href":"https:\/\/wandilsonramalho.com.br\/blog\/index.php?rest_route=\/wp\/v2\/posts"}],"about":[{"href":"https:\/\/wandilsonramalho.com.br\/blog\/index.php?rest_route=\/wp\/v2\/types\/post"}],"author":[{"embeddable":true,"href":"https:\/\/wandilsonramalho.com.br\/blog\/index.php?rest_route=\/wp\/v2\/users\/2"}],"replies":[{"embeddable":true,"href":"https:\/\/wandilsonramalho.com.br\/blog\/index.php?rest_route=%2Fwp%2Fv2%2Fcomments&post=8706"}],"version-history":[{"count":1,"href":"https:\/\/wandilsonramalho.com.br\/blog\/index.php?rest_route=\/wp\/v2\/posts\/8706\/revisions"}],"predecessor-version":[{"id":8708,"href":"https:\/\/wandilsonramalho.com.br\/blog\/index.php?rest_route=\/wp\/v2\/posts\/8706\/revisions\/8708"}],"wp:featuredmedia":[{"embeddable":true,"href":"https:\/\/wandilsonramalho.com.br\/blog\/index.php?rest_route=\/wp\/v2\/media\/8707"}],"wp:attachment":[{"href":"https:\/\/wandilsonramalho.com.br\/blog\/index.php?rest_route=%2Fwp%2Fv2%2Fmedia&parent=8706"}],"wp:term":[{"taxonomy":"category","embeddable":true,"href":"https:\/\/wandilsonramalho.com.br\/blog\/index.php?rest_route=%2Fwp%2Fv2%2Fcategories&post=8706"},{"taxonomy":"post_tag","embeddable":true,"href":"https:\/\/wandilsonramalho.com.br\/blog\/index.php?rest_route=%2Fwp%2Fv2%2Ftags&post=8706"}],"curies":[{"name":"wp","href":"https:\/\/api.w.org\/{rel}","templated":true}]}}