{"id":8652,"date":"2020-11-27T01:50:33","date_gmt":"2020-11-27T04:50:33","guid":{"rendered":"https:\/\/wandilsonramalho.com.br\/blog\/?p=8652"},"modified":"2020-11-26T16:00:00","modified_gmt":"2020-11-26T19:00:00","slug":"as-unidades-basicas-de-caraubas-desenvolvendo-acoes-campanha-novembro-azul","status":"publish","type":"post","link":"https:\/\/wandilsonramalho.com.br\/blog\/?p=8652","title":{"rendered":"as unidades b\u00e1sicas de cara\u00fabas desenvolvendo a\u00e7\u00f5es -campanha novembro azul"},"content":{"rendered":"\n<p>A  Unidade B\u00e1sica de Sa\u00fade Jo\u00e3o Marinaldo de Holanda e a Unidade B\u00e1sica Benedito Jo\u00e3o Pessoa na comunidade de Cachoeira, desenvolveram uma a\u00e7\u00e3o coletiva da Campanha Novembro Azul, que previne e combate ao c\u00e2ncer de pr\u00f3stata.<\/p>\n\n\n\n<p>Al\u00e9m da a\u00e7\u00e3o no Centro de sa\u00fade de Cara\u00fabas, todas as unidades de sa\u00fade do munic\u00edpio tanto da zona rural ou zona urbana tamb\u00e9m em a\u00e7\u00e3o da Campanha  Novembro Azul. O \u201cDia D\u201d da campanha acontecer\u00e1  na UBS Raimundo Pedro Benevides, no conjunto Maria Bandeira.<\/p>\n\n\n\n<p>&#8220;O c\u00e2ncer de pr\u00f3stata se descoberto cedo tem cura, por isso estamos intensificando a campanha Novembro Azul para que homens com mais de 40 anos venham fazer os exames e assim prevenir e combater a doen\u00e7a. Hoje estamos com atendimento na UBS Jo\u00e3o Marinaldo de Holanda e todo esse trabalho tem se estendido as demais Unidades de Sa\u00fade\u201d, explicou o secret\u00e1rio de Sa\u00fade, Kaisser Henrique Pimenta.&#8221;<\/p>\n\n\n\n<p>\u00d3timo !<\/p>\n","protected":false},"excerpt":{"rendered":"<p>A Unidade B\u00e1sica de Sa\u00fade Jo\u00e3o Marinaldo de Holanda e a Unidade B\u00e1sica Benedito Jo\u00e3o Pessoa na comunidade de Cachoeira, desenvolveram uma a\u00e7\u00e3o coletiva da Campanha Novembro Azul, que previne e combate ao c\u00e2ncer de pr\u00f3stata. Al\u00e9m da a\u00e7\u00e3o no Centro de sa\u00fade de Cara\u00fabas, todas as unidades de sa\u00fade do munic\u00edpio tanto da zona <a href=\"https:\/\/wandilsonramalho.com.br\/blog\/?p=8652\">&#8230;<\/a><\/p>\n","protected":false},"author":2,"featured_media":8653,"comment_status":"open","ping_status":"open","sticky":false,"template":"","format":"standard","meta":{"_jetpack_memberships_contains_paid_content":false,"footnotes":""},"categories":[18],"tags":[],"class_list":["post-8652","post","type-post","status-publish","format-standard","has-post-thumbnail","hentry","category-caraubas"],"jetpack_featured_media_url":"https:\/\/i0.wp.com\/wandilsonramalho.com.br\/blog\/wp-content\/uploads\/2020\/11\/72149477_2508785242537100_4872052454943883264_n.jpg?fit=481%2C480&ssl=1","jetpack_sharing_enabled":true,"_links":{"self":[{"href":"https:\/\/wandilsonramalho.com.br\/blog\/index.php?rest_route=\/wp\/v2\/posts\/8652","targetHints":{"allow":["GET"]}}],"collection":[{"href":"https:\/\/wandilsonramalho.com.br\/blog\/index.php?rest_route=\/wp\/v2\/posts"}],"about":[{"href":"https:\/\/wandilsonramalho.com.br\/blog\/index.php?rest_route=\/wp\/v2\/types\/post"}],"author":[{"embeddable":true,"href":"https:\/\/wandilsonramalho.com.br\/blog\/index.php?rest_route=\/wp\/v2\/users\/2"}],"replies":[{"embeddable":true,"href":"https:\/\/wandilsonramalho.com.br\/blog\/index.php?rest_route=%2Fwp%2Fv2%2Fcomments&post=8652"}],"version-history":[{"count":1,"href":"https:\/\/wandilsonramalho.com.br\/blog\/index.php?rest_route=\/wp\/v2\/posts\/8652\/revisions"}],"predecessor-version":[{"id":8654,"href":"https:\/\/wandilsonramalho.com.br\/blog\/index.php?rest_route=\/wp\/v2\/posts\/8652\/revisions\/8654"}],"wp:featuredmedia":[{"embeddable":true,"href":"https:\/\/wandilsonramalho.com.br\/blog\/index.php?rest_route=\/wp\/v2\/media\/8653"}],"wp:attachment":[{"href":"https:\/\/wandilsonramalho.com.br\/blog\/index.php?rest_route=%2Fwp%2Fv2%2Fmedia&parent=8652"}],"wp:term":[{"taxonomy":"category","embeddable":true,"href":"https:\/\/wandilsonramalho.com.br\/blog\/index.php?rest_route=%2Fwp%2Fv2%2Fcategories&post=8652"},{"taxonomy":"post_tag","embeddable":true,"href":"https:\/\/wandilsonramalho.com.br\/blog\/index.php?rest_route=%2Fwp%2Fv2%2Ftags&post=8652"}],"curies":[{"name":"wp","href":"https:\/\/api.w.org\/{rel}","templated":true}]}}