{"id":8641,"date":"2020-11-26T01:40:53","date_gmt":"2020-11-26T04:40:53","guid":{"rendered":"https:\/\/wandilsonramalho.com.br\/blog\/?p=8641"},"modified":"2020-11-25T13:44:15","modified_gmt":"2020-11-25T16:44:15","slug":"o-prefeito-de-patu-rivelino-camara-e-familia-curtindo-dias-de-ocio","status":"publish","type":"post","link":"https:\/\/wandilsonramalho.com.br\/blog\/?p=8641","title":{"rendered":"O prefeito de Patu Rivelino C\u00e2mara e familia curtindo dias de \u00f3cio .."},"content":{"rendered":"\n<p><strong>O prefeito eleito de Patu Rivelino C\u00e2mara ap\u00f3s sua vit\u00f3ria nas elei\u00e7\u00f5es , reeleito , resolveu viajar\u00a0 e seguiu rumo a S\u00e3o Paulo \/SP com a esposa Dayanne e a filha Valentina onde curtem dias de \u00f3cio, \u00a0onde faz alguns exames (ele teve Covid ).<\/strong><\/p>\n\n\n\n<p><strong> Em sua ultima publica\u00e7\u00e3o , ele destacou a visita ao Santu\u00e1rio Nacional de Nossa Aparecida bem como o\u00a0 Santu\u00e1rio de Nossa Senhora do Novo Caminho dirigido pelo padre Antonio Maria que j\u00e1 esteve em Patu a convite de Rivelino ano passado .<\/strong><\/p>\n\n\n\n<p><strong>Quantas b\u00ean\u00e7\u00e3os !!<\/strong><\/p>\n","protected":false},"excerpt":{"rendered":"<p>O prefeito eleito de Patu Rivelino C\u00e2mara ap\u00f3s sua vit\u00f3ria nas elei\u00e7\u00f5es , reeleito , resolveu viajar\u00a0 e seguiu rumo a S\u00e3o Paulo \/SP com a esposa Dayanne e a filha Valentina onde curtem dias de \u00f3cio, \u00a0onde faz alguns exames (ele teve Covid ). Em sua ultima publica\u00e7\u00e3o , ele destacou a visita ao <a href=\"https:\/\/wandilsonramalho.com.br\/blog\/?p=8641\">&#8230;<\/a><\/p>\n","protected":false},"author":2,"featured_media":8643,"comment_status":"open","ping_status":"open","sticky":false,"template":"","format":"standard","meta":{"_jetpack_memberships_contains_paid_content":false,"footnotes":""},"categories":[29],"tags":[],"class_list":["post-8641","post","type-post","status-publish","format-standard","has-post-thumbnail","hentry","category-gente-chique"],"jetpack_featured_media_url":"https:\/\/i0.wp.com\/wandilsonramalho.com.br\/blog\/wp-content\/uploads\/2020\/11\/f1-rivelino.jpg?fit=480%2C483&ssl=1","jetpack_sharing_enabled":true,"_links":{"self":[{"href":"https:\/\/wandilsonramalho.com.br\/blog\/index.php?rest_route=\/wp\/v2\/posts\/8641","targetHints":{"allow":["GET"]}}],"collection":[{"href":"https:\/\/wandilsonramalho.com.br\/blog\/index.php?rest_route=\/wp\/v2\/posts"}],"about":[{"href":"https:\/\/wandilsonramalho.com.br\/blog\/index.php?rest_route=\/wp\/v2\/types\/post"}],"author":[{"embeddable":true,"href":"https:\/\/wandilsonramalho.com.br\/blog\/index.php?rest_route=\/wp\/v2\/users\/2"}],"replies":[{"embeddable":true,"href":"https:\/\/wandilsonramalho.com.br\/blog\/index.php?rest_route=%2Fwp%2Fv2%2Fcomments&post=8641"}],"version-history":[{"count":1,"href":"https:\/\/wandilsonramalho.com.br\/blog\/index.php?rest_route=\/wp\/v2\/posts\/8641\/revisions"}],"predecessor-version":[{"id":8644,"href":"https:\/\/wandilsonramalho.com.br\/blog\/index.php?rest_route=\/wp\/v2\/posts\/8641\/revisions\/8644"}],"wp:featuredmedia":[{"embeddable":true,"href":"https:\/\/wandilsonramalho.com.br\/blog\/index.php?rest_route=\/wp\/v2\/media\/8643"}],"wp:attachment":[{"href":"https:\/\/wandilsonramalho.com.br\/blog\/index.php?rest_route=%2Fwp%2Fv2%2Fmedia&parent=8641"}],"wp:term":[{"taxonomy":"category","embeddable":true,"href":"https:\/\/wandilsonramalho.com.br\/blog\/index.php?rest_route=%2Fwp%2Fv2%2Fcategories&post=8641"},{"taxonomy":"post_tag","embeddable":true,"href":"https:\/\/wandilsonramalho.com.br\/blog\/index.php?rest_route=%2Fwp%2Fv2%2Ftags&post=8641"}],"curies":[{"name":"wp","href":"https:\/\/api.w.org\/{rel}","templated":true}]}}