{"id":8552,"date":"2020-11-22T01:24:50","date_gmt":"2020-11-22T04:24:50","guid":{"rendered":"https:\/\/wandilsonramalho.com.br\/blog\/?p=8552"},"modified":"2020-11-22T07:13:19","modified_gmt":"2020-11-22T10:13:19","slug":"parabens-valeria-carlos-varela","status":"publish","type":"post","link":"https:\/\/wandilsonramalho.com.br\/blog\/?p=8552","title":{"rendered":"PARAB\u00c9NS, VALERIA CARLOS VARELA"},"content":{"rendered":"\n<p>A empres\u00e1ria da griffe Valeria Moda Praia , a sobrinha , a alegre , a humana Valeria Carlos hoje celebra seu niver.<\/p>\n\n\n\n<p>Linda, pessoa que tenho maior carinho, respeito e considera\u00e7\u00e3o ..<\/p>\n\n\n\n<p>Que a vida lhe reserve um mundo de maravilhas porque voc\u00ea merece,<\/p>\n\n\n\n<p>Vivas!Vivas!<\/p>\n","protected":false},"excerpt":{"rendered":"<p>A empres\u00e1ria da griffe Valeria Moda Praia , a sobrinha , a alegre , a humana Valeria Carlos hoje celebra seu niver. Linda, pessoa que tenho maior carinho, respeito e considera\u00e7\u00e3o .. Que a vida lhe reserve um mundo de maravilhas porque voc\u00ea merece, Vivas!Vivas! <a href=\"https:\/\/wandilsonramalho.com.br\/blog\/?p=8552\">&#8230;<\/a><\/p>\n","protected":false},"author":2,"featured_media":8561,"comment_status":"open","ping_status":"open","sticky":false,"template":"","format":"standard","meta":{"_jetpack_memberships_contains_paid_content":false,"footnotes":""},"categories":[22],"tags":[],"class_list":["post-8552","post","type-post","status-publish","format-standard","has-post-thumbnail","hentry","category-aniversariantes"],"jetpack_featured_media_url":"https:\/\/i0.wp.com\/wandilsonramalho.com.br\/blog\/wp-content\/uploads\/2020\/11\/DSC_3417-2-rotated.jpg?fit=367%2C338&ssl=1","jetpack_sharing_enabled":true,"_links":{"self":[{"href":"https:\/\/wandilsonramalho.com.br\/blog\/index.php?rest_route=\/wp\/v2\/posts\/8552","targetHints":{"allow":["GET"]}}],"collection":[{"href":"https:\/\/wandilsonramalho.com.br\/blog\/index.php?rest_route=\/wp\/v2\/posts"}],"about":[{"href":"https:\/\/wandilsonramalho.com.br\/blog\/index.php?rest_route=\/wp\/v2\/types\/post"}],"author":[{"embeddable":true,"href":"https:\/\/wandilsonramalho.com.br\/blog\/index.php?rest_route=\/wp\/v2\/users\/2"}],"replies":[{"embeddable":true,"href":"https:\/\/wandilsonramalho.com.br\/blog\/index.php?rest_route=%2Fwp%2Fv2%2Fcomments&post=8552"}],"version-history":[{"count":4,"href":"https:\/\/wandilsonramalho.com.br\/blog\/index.php?rest_route=\/wp\/v2\/posts\/8552\/revisions"}],"predecessor-version":[{"id":8571,"href":"https:\/\/wandilsonramalho.com.br\/blog\/index.php?rest_route=\/wp\/v2\/posts\/8552\/revisions\/8571"}],"wp:featuredmedia":[{"embeddable":true,"href":"https:\/\/wandilsonramalho.com.br\/blog\/index.php?rest_route=\/wp\/v2\/media\/8561"}],"wp:attachment":[{"href":"https:\/\/wandilsonramalho.com.br\/blog\/index.php?rest_route=%2Fwp%2Fv2%2Fmedia&parent=8552"}],"wp:term":[{"taxonomy":"category","embeddable":true,"href":"https:\/\/wandilsonramalho.com.br\/blog\/index.php?rest_route=%2Fwp%2Fv2%2Fcategories&post=8552"},{"taxonomy":"post_tag","embeddable":true,"href":"https:\/\/wandilsonramalho.com.br\/blog\/index.php?rest_route=%2Fwp%2Fv2%2Ftags&post=8552"}],"curies":[{"name":"wp","href":"https:\/\/api.w.org\/{rel}","templated":true}]}}