{"id":8543,"date":"2020-11-21T02:38:05","date_gmt":"2020-11-21T05:38:05","guid":{"rendered":"https:\/\/wandilsonramalho.com.br\/blog\/?p=8543"},"modified":"2020-11-20T20:42:13","modified_gmt":"2020-11-20T23:42:13","slug":"padre-demetrio-junior-e-padre-glaudio-costa-celebrando-5-anos-de-ordenacao-sacerdotal","status":"publish","type":"post","link":"https:\/\/wandilsonramalho.com.br\/blog\/?p=8543","title":{"rendered":"Padre demetrio Junior e padre Glaudio Costa celebrando 5 anos de ordena\u00e7\u00e3o sacerdotal"},"content":{"rendered":"\n<p>Hoje, 21 de novembro , muitas b\u00ean\u00e7\u00e3os em nossa par\u00f3quia pelos cinco anos de ordena\u00e7\u00e3o de dois filhos desta terra..Padre Demetrio e Padre Glaudio Costa.<\/p>\n\n\n\n<p>Que Deus ilumine esses filhos t\u00e3o aben\u00e7oados que Cara\u00fabas se orgulha .<\/p>\n\n\n\n<p>Aplausos .<\/p>\n\n\n\n<p>Foto : da ordena\u00e7\u00e3o .<\/p>\n\n\n\n<figure class=\"wp-block-image size-large\"><img data-recalc-dims=\"1\" fetchpriority=\"high\" decoding=\"async\" width=\"720\" height=\"719\" src=\"https:\/\/i0.wp.com\/wandilsonramalho.com.br\/blog\/wp-content\/uploads\/2020\/11\/46514320_2118861945030604_5922463999412142080_n.jpg?resize=720%2C719&#038;ssl=1\" alt=\"\" class=\"wp-image-8544\" srcset=\"https:\/\/i0.wp.com\/wandilsonramalho.com.br\/blog\/wp-content\/uploads\/2020\/11\/46514320_2118861945030604_5922463999412142080_n.jpg?w=720&amp;ssl=1 720w, https:\/\/i0.wp.com\/wandilsonramalho.com.br\/blog\/wp-content\/uploads\/2020\/11\/46514320_2118861945030604_5922463999412142080_n.jpg?resize=160%2C160&amp;ssl=1 160w, https:\/\/i0.wp.com\/wandilsonramalho.com.br\/blog\/wp-content\/uploads\/2020\/11\/46514320_2118861945030604_5922463999412142080_n.jpg?resize=585%2C584&amp;ssl=1 585w\" sizes=\"(max-width: 720px) 100vw, 720px\" \/><\/figure>\n","protected":false},"excerpt":{"rendered":"<p>Hoje, 21 de novembro , muitas b\u00ean\u00e7\u00e3os em nossa par\u00f3quia pelos cinco anos de ordena\u00e7\u00e3o de dois filhos desta terra..Padre Demetrio e Padre Glaudio Costa. Que Deus ilumine esses filhos t\u00e3o aben\u00e7oados que Cara\u00fabas se orgulha . Aplausos . Foto : da ordena\u00e7\u00e3o . <a href=\"https:\/\/wandilsonramalho.com.br\/blog\/?p=8543\">&#8230;<\/a><\/p>\n","protected":false},"author":2,"featured_media":8544,"comment_status":"open","ping_status":"open","sticky":false,"template":"","format":"standard","meta":{"_jetpack_memberships_contains_paid_content":false,"footnotes":""},"categories":[18],"tags":[],"class_list":["post-8543","post","type-post","status-publish","format-standard","has-post-thumbnail","hentry","category-caraubas"],"jetpack_featured_media_url":"https:\/\/i0.wp.com\/wandilsonramalho.com.br\/blog\/wp-content\/uploads\/2020\/11\/46514320_2118861945030604_5922463999412142080_n.jpg?fit=720%2C719&ssl=1","jetpack_sharing_enabled":true,"_links":{"self":[{"href":"https:\/\/wandilsonramalho.com.br\/blog\/index.php?rest_route=\/wp\/v2\/posts\/8543","targetHints":{"allow":["GET"]}}],"collection":[{"href":"https:\/\/wandilsonramalho.com.br\/blog\/index.php?rest_route=\/wp\/v2\/posts"}],"about":[{"href":"https:\/\/wandilsonramalho.com.br\/blog\/index.php?rest_route=\/wp\/v2\/types\/post"}],"author":[{"embeddable":true,"href":"https:\/\/wandilsonramalho.com.br\/blog\/index.php?rest_route=\/wp\/v2\/users\/2"}],"replies":[{"embeddable":true,"href":"https:\/\/wandilsonramalho.com.br\/blog\/index.php?rest_route=%2Fwp%2Fv2%2Fcomments&post=8543"}],"version-history":[{"count":1,"href":"https:\/\/wandilsonramalho.com.br\/blog\/index.php?rest_route=\/wp\/v2\/posts\/8543\/revisions"}],"predecessor-version":[{"id":8545,"href":"https:\/\/wandilsonramalho.com.br\/blog\/index.php?rest_route=\/wp\/v2\/posts\/8543\/revisions\/8545"}],"wp:featuredmedia":[{"embeddable":true,"href":"https:\/\/wandilsonramalho.com.br\/blog\/index.php?rest_route=\/wp\/v2\/media\/8544"}],"wp:attachment":[{"href":"https:\/\/wandilsonramalho.com.br\/blog\/index.php?rest_route=%2Fwp%2Fv2%2Fmedia&parent=8543"}],"wp:term":[{"taxonomy":"category","embeddable":true,"href":"https:\/\/wandilsonramalho.com.br\/blog\/index.php?rest_route=%2Fwp%2Fv2%2Fcategories&post=8543"},{"taxonomy":"post_tag","embeddable":true,"href":"https:\/\/wandilsonramalho.com.br\/blog\/index.php?rest_route=%2Fwp%2Fv2%2Ftags&post=8543"}],"curies":[{"name":"wp","href":"https:\/\/api.w.org\/{rel}","templated":true}]}}