{"id":8539,"date":"2020-11-21T02:10:19","date_gmt":"2020-11-21T05:10:19","guid":{"rendered":"https:\/\/wandilsonramalho.com.br\/blog\/?p=8539"},"modified":"2020-11-20T20:21:26","modified_gmt":"2020-11-20T23:21:26","slug":"reitora-da-ufersa-ludmilla-serafim-visitou-o-prefeito-juninho-alves","status":"publish","type":"post","link":"https:\/\/wandilsonramalho.com.br\/blog\/?p=8539","title":{"rendered":"Reitora da UFERSA ludmilla Serafim visitou o prefeito Juninho Alves .."},"content":{"rendered":"\n<p>Prefeito Juninho Alves e o vice Paulo Brasil receberam a  Reitora Ludimilla Serafim ,  acompanhada do Ouvidor Ozamir Dantas, o superintendente de Infraestrutura Xavier de Oliveira Filho e a Pr\u00f3-Reitora de Gest\u00e3o de Pessoas Raiane Mousinho.<\/p>\n\n\n\n<p>O encontro foi na mans\u00e3o do prefeito Juninho Alves .<\/p>\n\n\n\n<p>O objetivo do encontro as  parcerias entre a prefeitura e a universidade, muito bom ..<\/p>\n\n\n\n<p>A reitora falou da  perspectiva de novos cursos, projetos de extens\u00e3o e a proximidade da popula\u00e7\u00e3o com a universidade tamb\u00e9m foram discutidos.<\/p>\n\n\n\n<p>Boas vindas , Reitora ..<\/p>\n\n\n\n\n","protected":false},"excerpt":{"rendered":"<p>Prefeito Juninho Alves e o vice Paulo Brasil receberam a Reitora Ludimilla Serafim , acompanhada do Ouvidor Ozamir Dantas, o superintendente de Infraestrutura Xavier de Oliveira Filho e a Pr\u00f3-Reitora de Gest\u00e3o de Pessoas Raiane Mousinho. O encontro foi na mans\u00e3o do prefeito Juninho Alves . O objetivo do encontro as parcerias entre a prefeitura <a href=\"https:\/\/wandilsonramalho.com.br\/blog\/?p=8539\">&#8230;<\/a><\/p>\n","protected":false},"author":2,"featured_media":8540,"comment_status":"open","ping_status":"open","sticky":false,"template":"","format":"standard","meta":{"_jetpack_memberships_contains_paid_content":false,"footnotes":""},"categories":[18],"tags":[],"class_list":["post-8539","post","type-post","status-publish","format-standard","has-post-thumbnail","hentry","category-caraubas"],"jetpack_featured_media_url":"https:\/\/i0.wp.com\/wandilsonramalho.com.br\/blog\/wp-content\/uploads\/2020\/11\/125867653_3675026052584176_8149509208344617768_n.jpg?fit=960%2C718&ssl=1","jetpack_sharing_enabled":true,"_links":{"self":[{"href":"https:\/\/wandilsonramalho.com.br\/blog\/index.php?rest_route=\/wp\/v2\/posts\/8539","targetHints":{"allow":["GET"]}}],"collection":[{"href":"https:\/\/wandilsonramalho.com.br\/blog\/index.php?rest_route=\/wp\/v2\/posts"}],"about":[{"href":"https:\/\/wandilsonramalho.com.br\/blog\/index.php?rest_route=\/wp\/v2\/types\/post"}],"author":[{"embeddable":true,"href":"https:\/\/wandilsonramalho.com.br\/blog\/index.php?rest_route=\/wp\/v2\/users\/2"}],"replies":[{"embeddable":true,"href":"https:\/\/wandilsonramalho.com.br\/blog\/index.php?rest_route=%2Fwp%2Fv2%2Fcomments&post=8539"}],"version-history":[{"count":2,"href":"https:\/\/wandilsonramalho.com.br\/blog\/index.php?rest_route=\/wp\/v2\/posts\/8539\/revisions"}],"predecessor-version":[{"id":8542,"href":"https:\/\/wandilsonramalho.com.br\/blog\/index.php?rest_route=\/wp\/v2\/posts\/8539\/revisions\/8542"}],"wp:featuredmedia":[{"embeddable":true,"href":"https:\/\/wandilsonramalho.com.br\/blog\/index.php?rest_route=\/wp\/v2\/media\/8540"}],"wp:attachment":[{"href":"https:\/\/wandilsonramalho.com.br\/blog\/index.php?rest_route=%2Fwp%2Fv2%2Fmedia&parent=8539"}],"wp:term":[{"taxonomy":"category","embeddable":true,"href":"https:\/\/wandilsonramalho.com.br\/blog\/index.php?rest_route=%2Fwp%2Fv2%2Fcategories&post=8539"},{"taxonomy":"post_tag","embeddable":true,"href":"https:\/\/wandilsonramalho.com.br\/blog\/index.php?rest_route=%2Fwp%2Fv2%2Ftags&post=8539"}],"curies":[{"name":"wp","href":"https:\/\/api.w.org\/{rel}","templated":true}]}}