{"id":8427,"date":"2020-11-15T01:10:19","date_gmt":"2020-11-15T04:10:19","guid":{"rendered":"https:\/\/wandilsonramalho.com.br\/blog\/?p=8427"},"modified":"2020-11-14T10:41:55","modified_gmt":"2020-11-14T13:41:55","slug":"o-natal","status":"publish","type":"post","link":"https:\/\/wandilsonramalho.com.br\/blog\/?p=8427","title":{"rendered":"o natal .."},"content":{"rendered":"\n<p> O Pe. Javier Leoz, p\u00e1roco de S\u00e3o Louren\u00e7o em Pamplona, Espanha,<\/p>\n\n\n\n<p>publicou sua reflex\u00e3o sobre o Natal, em forma de poema, que lido pelo Papa Francisco lhe mereceu um telefonema.<\/p>\n\n\n\n<p>N\u00c3O HAVER\u00c1 NATAL?<\/p>\n\n\n\n<p>Claro que sim!<\/p>\n\n\n\n<p>Mais silencioso e com mais profundidade,<\/p>\n\n\n\n<p>Mais parecido com o primeiro em que Jesus nasceu em solid\u00e3o.<\/p>\n\n\n\n<p>Sem muitas luzes na terra,<\/p>\n\n\n\n<p>mas com a da estrela de Bel\u00e9m<\/p>\n\n\n\n<p>fulgurando trilhas de vida em sua imensid\u00e3o.<\/p>\n\n\n\n<p>Sem cortejos reais colossais,<\/p>\n\n\n\n<p>mas com a humildade de sentir-nos<\/p>\n\n\n\n<p>pastores e servos buscando a Verdade.<\/p>\n\n\n\n<p>Sem grandes mesas e com amargas aus\u00eancias,<\/p>\n\n\n\n<p>mas com a presen\u00e7a de um Deus que tudo plenificar\u00e1.<\/p>\n\n\n\n<p>N\u00e3o haver\u00e1 natal?<\/p>\n\n\n\n<p>Claro que sim!<\/p>\n\n\n\n<p>Sem as ruas a transbordar,<\/p>\n\n\n\n<p>mas com o cora\u00e7\u00e3o aquecido<\/p>\n\n\n\n<p>pelo que est\u00e1 por chegar.<\/p>\n\n\n\n<p>Sem barulhos nem ru\u00eddos,<\/p>\n\n\n\n<p>propagandas ou foguetes&#8230;<\/p>\n\n\n\n<p>mas vivendo o Mist\u00e9rio sem medo<\/p>\n\n\n\n<p>do &#8220;covid-herodes&#8221; que pretende<\/p>\n\n\n\n<p>tirar-nos at\u00e9 o sonho da esperan\u00e7a.<\/p>\n\n\n\n<p>Haver\u00e1 Natal porque Deus est\u00e1 ao nosso lado<\/p>\n\n\n\n<p>e partilha, como Cristo no pres\u00e9pio,<\/p>\n\n\n\n<p>nossa pobreza, prova, pranto, angustia e orfandade.<\/p>\n\n\n\n<p>Haver\u00e1 Natal porque necessitamos<\/p>\n\n\n\n<p>de uma luz divina no meio de tanta escurid\u00e3o.<\/p>\n\n\n\n<p>A Covid19 nunca poder\u00e1 chegar ao cora\u00e7\u00e3o nem \u00e0 alma<\/p>\n\n\n\n<p>dos que no c\u00e9u p\u00f5e sua esperan\u00e7a e seu maior ideal.<\/p>\n\n\n\n<p>Haver\u00e1 Natal!<\/p>\n\n\n\n<p>Cantaremos nossos cantos natalinos!<\/p>\n\n\n\n<p>Deus nascer\u00e1!<\/p>\n","protected":false},"excerpt":{"rendered":"<p>O Pe. Javier Leoz, p\u00e1roco de S\u00e3o Louren\u00e7o em Pamplona, Espanha, publicou sua reflex\u00e3o sobre o Natal, em forma de poema, que lido pelo Papa Francisco lhe mereceu um telefonema. N\u00c3O HAVER\u00c1 NATAL? Claro que sim! Mais silencioso e com mais profundidade, Mais parecido com o primeiro em que Jesus nasceu em solid\u00e3o. Sem muitas <a href=\"https:\/\/wandilsonramalho.com.br\/blog\/?p=8427\">&#8230;<\/a><\/p>\n","protected":false},"author":2,"featured_media":8428,"comment_status":"open","ping_status":"open","sticky":false,"template":"","format":"standard","meta":{"_jetpack_memberships_contains_paid_content":false,"footnotes":""},"categories":[38],"tags":[],"class_list":["post-8427","post","type-post","status-publish","format-standard","has-post-thumbnail","hentry","category-especiais"],"jetpack_featured_media_url":"https:\/\/i0.wp.com\/wandilsonramalho.com.br\/blog\/wp-content\/uploads\/2020\/11\/wallpaper-jesus-o-verdadeiro-natal.jpg?fit=640%2C299&ssl=1","jetpack_sharing_enabled":true,"_links":{"self":[{"href":"https:\/\/wandilsonramalho.com.br\/blog\/index.php?rest_route=\/wp\/v2\/posts\/8427","targetHints":{"allow":["GET"]}}],"collection":[{"href":"https:\/\/wandilsonramalho.com.br\/blog\/index.php?rest_route=\/wp\/v2\/posts"}],"about":[{"href":"https:\/\/wandilsonramalho.com.br\/blog\/index.php?rest_route=\/wp\/v2\/types\/post"}],"author":[{"embeddable":true,"href":"https:\/\/wandilsonramalho.com.br\/blog\/index.php?rest_route=\/wp\/v2\/users\/2"}],"replies":[{"embeddable":true,"href":"https:\/\/wandilsonramalho.com.br\/blog\/index.php?rest_route=%2Fwp%2Fv2%2Fcomments&post=8427"}],"version-history":[{"count":1,"href":"https:\/\/wandilsonramalho.com.br\/blog\/index.php?rest_route=\/wp\/v2\/posts\/8427\/revisions"}],"predecessor-version":[{"id":8429,"href":"https:\/\/wandilsonramalho.com.br\/blog\/index.php?rest_route=\/wp\/v2\/posts\/8427\/revisions\/8429"}],"wp:featuredmedia":[{"embeddable":true,"href":"https:\/\/wandilsonramalho.com.br\/blog\/index.php?rest_route=\/wp\/v2\/media\/8428"}],"wp:attachment":[{"href":"https:\/\/wandilsonramalho.com.br\/blog\/index.php?rest_route=%2Fwp%2Fv2%2Fmedia&parent=8427"}],"wp:term":[{"taxonomy":"category","embeddable":true,"href":"https:\/\/wandilsonramalho.com.br\/blog\/index.php?rest_route=%2Fwp%2Fv2%2Fcategories&post=8427"},{"taxonomy":"post_tag","embeddable":true,"href":"https:\/\/wandilsonramalho.com.br\/blog\/index.php?rest_route=%2Fwp%2Fv2%2Ftags&post=8427"}],"curies":[{"name":"wp","href":"https:\/\/api.w.org\/{rel}","templated":true}]}}