{"id":7986,"date":"2020-10-20T08:53:30","date_gmt":"2020-10-20T11:53:30","guid":{"rendered":"https:\/\/wandilsonramalho.com.br\/blog\/?p=7986"},"modified":"2020-10-20T08:53:33","modified_gmt":"2020-10-20T11:53:33","slug":"ciranda-missionaria-diocese-de-mossoro","status":"publish","type":"post","link":"https:\/\/wandilsonramalho.com.br\/blog\/?p=7986","title":{"rendered":"CIRANDA MISSION\u00c1RIA -DIOCESE DE MOSSOR\u00d3"},"content":{"rendered":"\n<p><strong>A vida \u00e9&nbsp; miss\u00e3o . Eis-me aqui , envia-me !!<\/strong><\/p>\n\n\n\n<p><strong>No dia mundial das Miss\u00f5es domingo aconteceu uma live &nbsp;em nossa cidade comandada pelo Padre Miqu\u00e9ias Pascoal, coordenador diocesano das Santas Miss\u00f5es Populares, &nbsp;e com participa\u00e7\u00e3o do Grupo Mater Dei de Cara\u00fabas .<\/strong><\/p>\n\n\n\n<p><strong> Tudo aconteceu no Espa\u00e7o Maria Julia com decora\u00e7\u00e3o assinada  pelos artistas Jaqueline de Gois e Danilo .<\/strong><\/p>\n\n\n\n<p><strong>Muita &nbsp;ora\u00e7\u00e3o , louvor , brindes e  m\u00fasica que encantou todos .<\/strong><\/p>\n\n\n\n<figure class=\"wp-block-image size-large\"><img data-recalc-dims=\"1\" fetchpriority=\"high\" decoding=\"async\" width=\"640\" height=\"320\" src=\"https:\/\/i0.wp.com\/wandilsonramalho.com.br\/blog\/wp-content\/uploads\/2020\/10\/LIVE.jpg?resize=640%2C320&#038;ssl=1\" alt=\"\" class=\"wp-image-7988\" srcset=\"https:\/\/i0.wp.com\/wandilsonramalho.com.br\/blog\/wp-content\/uploads\/2020\/10\/LIVE.jpg?w=640&amp;ssl=1 640w, https:\/\/i0.wp.com\/wandilsonramalho.com.br\/blog\/wp-content\/uploads\/2020\/10\/LIVE.jpg?resize=585%2C293&amp;ssl=1 585w\" sizes=\"(max-width: 640px) 100vw, 640px\" \/><\/figure>\n\n\n\n<figure class=\"wp-block-image size-large\"><img data-recalc-dims=\"1\" decoding=\"async\" width=\"480\" height=\"572\" src=\"https:\/\/i0.wp.com\/wandilsonramalho.com.br\/blog\/wp-content\/uploads\/2020\/10\/LIVE-2.jpg?resize=480%2C572&#038;ssl=1\" alt=\"\" class=\"wp-image-7989\"\/><\/figure>\n","protected":false},"excerpt":{"rendered":"<p>A vida \u00e9&nbsp; miss\u00e3o . Eis-me aqui , envia-me !! No dia mundial das Miss\u00f5es domingo aconteceu uma live &nbsp;em nossa cidade comandada pelo Padre Miqu\u00e9ias Pascoal, coordenador diocesano das Santas Miss\u00f5es Populares, &nbsp;e com participa\u00e7\u00e3o do Grupo Mater Dei de Cara\u00fabas . Tudo aconteceu no Espa\u00e7o Maria Julia com decora\u00e7\u00e3o assinada pelos artistas Jaqueline <a href=\"https:\/\/wandilsonramalho.com.br\/blog\/?p=7986\">&#8230;<\/a><\/p>\n","protected":false},"author":2,"featured_media":7987,"comment_status":"open","ping_status":"open","sticky":false,"template":"","format":"standard","meta":{"_jetpack_memberships_contains_paid_content":false,"footnotes":""},"categories":[38],"tags":[],"class_list":["post-7986","post","type-post","status-publish","format-standard","has-post-thumbnail","hentry","category-especiais"],"jetpack_featured_media_url":"https:\/\/i0.wp.com\/wandilsonramalho.com.br\/blog\/wp-content\/uploads\/2020\/10\/LIVE-3.jpg?fit=1280%2C549&ssl=1","jetpack_sharing_enabled":true,"_links":{"self":[{"href":"https:\/\/wandilsonramalho.com.br\/blog\/index.php?rest_route=\/wp\/v2\/posts\/7986","targetHints":{"allow":["GET"]}}],"collection":[{"href":"https:\/\/wandilsonramalho.com.br\/blog\/index.php?rest_route=\/wp\/v2\/posts"}],"about":[{"href":"https:\/\/wandilsonramalho.com.br\/blog\/index.php?rest_route=\/wp\/v2\/types\/post"}],"author":[{"embeddable":true,"href":"https:\/\/wandilsonramalho.com.br\/blog\/index.php?rest_route=\/wp\/v2\/users\/2"}],"replies":[{"embeddable":true,"href":"https:\/\/wandilsonramalho.com.br\/blog\/index.php?rest_route=%2Fwp%2Fv2%2Fcomments&post=7986"}],"version-history":[{"count":1,"href":"https:\/\/wandilsonramalho.com.br\/blog\/index.php?rest_route=\/wp\/v2\/posts\/7986\/revisions"}],"predecessor-version":[{"id":7990,"href":"https:\/\/wandilsonramalho.com.br\/blog\/index.php?rest_route=\/wp\/v2\/posts\/7986\/revisions\/7990"}],"wp:featuredmedia":[{"embeddable":true,"href":"https:\/\/wandilsonramalho.com.br\/blog\/index.php?rest_route=\/wp\/v2\/media\/7987"}],"wp:attachment":[{"href":"https:\/\/wandilsonramalho.com.br\/blog\/index.php?rest_route=%2Fwp%2Fv2%2Fmedia&parent=7986"}],"wp:term":[{"taxonomy":"category","embeddable":true,"href":"https:\/\/wandilsonramalho.com.br\/blog\/index.php?rest_route=%2Fwp%2Fv2%2Fcategories&post=7986"},{"taxonomy":"post_tag","embeddable":true,"href":"https:\/\/wandilsonramalho.com.br\/blog\/index.php?rest_route=%2Fwp%2Fv2%2Ftags&post=7986"}],"curies":[{"name":"wp","href":"https:\/\/api.w.org\/{rel}","templated":true}]}}