{"id":7798,"date":"2020-10-10T01:04:06","date_gmt":"2020-10-10T04:04:06","guid":{"rendered":"https:\/\/wandilsonramalho.com.br\/blog\/?p=7798"},"modified":"2020-10-09T19:11:51","modified_gmt":"2020-10-09T22:11:51","slug":"ana-clara-gurgel-celebra-seus-15-anos","status":"publish","type":"post","link":"https:\/\/wandilsonramalho.com.br\/blog\/?p=7798","title":{"rendered":"Ana clara gurgel celebra seus 15 anos .."},"content":{"rendered":"\n<p>Ana Clara celebra seus 15 anos !<\/p>\n\n\n\n<p>Uma jovem linda , a \u00a0princesa dos papais Robson Luiz e Rosane Gurgel .<\/p>\n\n\n\n<p>Parab\u00e9ns doce e encantadora debutante Ana Clara que \u00e9 inteligente, canta,  toca viol\u00e3o, estuda , pesquisa ..vive..<\/p>\n\n\n\n<p>Robson e Rosane, Ana Tereza , os av\u00f3s paternos e maternos , os tios e amigos  lhe aplaudem .<\/p>\n\n\n\n<p>Hoje,  \u00a0\u00e9 o seu anivers\u00e1rio. 15 anos! <\/p>\n\n\n\n<p>Inesquec\u00edvel momento! <\/p>\n\n\n\n<p>Parab\u00e9ns , linda !<\/p>\n\n\n\n<figure class=\"wp-block-image size-large\"><img data-recalc-dims=\"1\" fetchpriority=\"high\" decoding=\"async\" width=\"480\" height=\"640\" src=\"https:\/\/i0.wp.com\/wandilsonramalho.com.br\/blog\/wp-content\/uploads\/2020\/10\/f01-ana-clara-1.jpg?resize=480%2C640&#038;ssl=1\" alt=\"\" class=\"wp-image-7800\"\/><\/figure>\n","protected":false},"excerpt":{"rendered":"<p>Ana Clara celebra seus 15 anos ! Uma jovem linda , a \u00a0princesa dos papais Robson Luiz e Rosane Gurgel . Parab\u00e9ns doce e encantadora debutante Ana Clara que \u00e9 inteligente, canta, toca viol\u00e3o, estuda , pesquisa ..vive.. Robson e Rosane, Ana Tereza , os av\u00f3s paternos e maternos , os tios e amigos lhe <a href=\"https:\/\/wandilsonramalho.com.br\/blog\/?p=7798\">&#8230;<\/a><\/p>\n","protected":false},"author":2,"featured_media":7800,"comment_status":"open","ping_status":"open","sticky":false,"template":"","format":"standard","meta":{"_jetpack_memberships_contains_paid_content":false,"footnotes":""},"categories":[22],"tags":[],"class_list":["post-7798","post","type-post","status-publish","format-standard","has-post-thumbnail","hentry","category-aniversariantes"],"jetpack_featured_media_url":"https:\/\/i0.wp.com\/wandilsonramalho.com.br\/blog\/wp-content\/uploads\/2020\/10\/f01-ana-clara-1.jpg?fit=480%2C640&ssl=1","jetpack_sharing_enabled":true,"_links":{"self":[{"href":"https:\/\/wandilsonramalho.com.br\/blog\/index.php?rest_route=\/wp\/v2\/posts\/7798","targetHints":{"allow":["GET"]}}],"collection":[{"href":"https:\/\/wandilsonramalho.com.br\/blog\/index.php?rest_route=\/wp\/v2\/posts"}],"about":[{"href":"https:\/\/wandilsonramalho.com.br\/blog\/index.php?rest_route=\/wp\/v2\/types\/post"}],"author":[{"embeddable":true,"href":"https:\/\/wandilsonramalho.com.br\/blog\/index.php?rest_route=\/wp\/v2\/users\/2"}],"replies":[{"embeddable":true,"href":"https:\/\/wandilsonramalho.com.br\/blog\/index.php?rest_route=%2Fwp%2Fv2%2Fcomments&post=7798"}],"version-history":[{"count":1,"href":"https:\/\/wandilsonramalho.com.br\/blog\/index.php?rest_route=\/wp\/v2\/posts\/7798\/revisions"}],"predecessor-version":[{"id":7801,"href":"https:\/\/wandilsonramalho.com.br\/blog\/index.php?rest_route=\/wp\/v2\/posts\/7798\/revisions\/7801"}],"wp:featuredmedia":[{"embeddable":true,"href":"https:\/\/wandilsonramalho.com.br\/blog\/index.php?rest_route=\/wp\/v2\/media\/7800"}],"wp:attachment":[{"href":"https:\/\/wandilsonramalho.com.br\/blog\/index.php?rest_route=%2Fwp%2Fv2%2Fmedia&parent=7798"}],"wp:term":[{"taxonomy":"category","embeddable":true,"href":"https:\/\/wandilsonramalho.com.br\/blog\/index.php?rest_route=%2Fwp%2Fv2%2Fcategories&post=7798"},{"taxonomy":"post_tag","embeddable":true,"href":"https:\/\/wandilsonramalho.com.br\/blog\/index.php?rest_route=%2Fwp%2Fv2%2Ftags&post=7798"}],"curies":[{"name":"wp","href":"https:\/\/api.w.org\/{rel}","templated":true}]}}