{"id":7683,"date":"2020-10-05T01:15:50","date_gmt":"2020-10-05T04:15:50","guid":{"rendered":"https:\/\/wandilsonramalho.com.br\/blog\/?p=7683"},"modified":"2020-10-04T16:20:02","modified_gmt":"2020-10-04T19:20:02","slug":"angela-rodrigues-aderindo-a-campanha-outubro-rosa","status":"publish","type":"post","link":"https:\/\/wandilsonramalho.com.br\/blog\/?p=7683","title":{"rendered":"angela rodrigues aderindo a campanha outubro rosa !!"},"content":{"rendered":"\n<p>Angela Rodrigues aderindo de forma bonita a Campanha Outubro Rosa .<\/p>\n\n\n\n<p>Ela disse &#8220;Para n\u00f3s uma campanha de apoio, para elas uma vida de luta, medos e incertezas. Para todas a f\u00e9, a esperan\u00e7a e o desejo de cura. Em frente e enfrente! Toque-se!&#8221;<\/p>\n\n\n\n<p>Sim, toque-se!!<\/p>\n\n\n\n<p>Sim , toque-se !!<\/p>\n","protected":false},"excerpt":{"rendered":"<p>Angela Rodrigues aderindo de forma bonita a Campanha Outubro Rosa . Ela disse &#8220;Para n\u00f3s uma campanha de apoio, para elas uma vida de luta, medos e incertezas. Para todas a f\u00e9, a esperan\u00e7a e o desejo de cura. Em frente e enfrente! Toque-se!&#8221; Sim, toque-se!! Sim , toque-se !! <a href=\"https:\/\/wandilsonramalho.com.br\/blog\/?p=7683\">&#8230;<\/a><\/p>\n","protected":false},"author":2,"featured_media":7685,"comment_status":"open","ping_status":"open","sticky":false,"template":"","format":"standard","meta":{"_jetpack_memberships_contains_paid_content":false,"footnotes":""},"categories":[38],"tags":[],"class_list":["post-7683","post","type-post","status-publish","format-standard","has-post-thumbnail","hentry","category-especiais"],"jetpack_featured_media_url":"https:\/\/i0.wp.com\/wandilsonramalho.com.br\/blog\/wp-content\/uploads\/2020\/10\/14591659_1116661658416298_4252504871610399270_n.jpg?fit=480%2C480&ssl=1","jetpack_sharing_enabled":true,"_links":{"self":[{"href":"https:\/\/wandilsonramalho.com.br\/blog\/index.php?rest_route=\/wp\/v2\/posts\/7683","targetHints":{"allow":["GET"]}}],"collection":[{"href":"https:\/\/wandilsonramalho.com.br\/blog\/index.php?rest_route=\/wp\/v2\/posts"}],"about":[{"href":"https:\/\/wandilsonramalho.com.br\/blog\/index.php?rest_route=\/wp\/v2\/types\/post"}],"author":[{"embeddable":true,"href":"https:\/\/wandilsonramalho.com.br\/blog\/index.php?rest_route=\/wp\/v2\/users\/2"}],"replies":[{"embeddable":true,"href":"https:\/\/wandilsonramalho.com.br\/blog\/index.php?rest_route=%2Fwp%2Fv2%2Fcomments&post=7683"}],"version-history":[{"count":1,"href":"https:\/\/wandilsonramalho.com.br\/blog\/index.php?rest_route=\/wp\/v2\/posts\/7683\/revisions"}],"predecessor-version":[{"id":7686,"href":"https:\/\/wandilsonramalho.com.br\/blog\/index.php?rest_route=\/wp\/v2\/posts\/7683\/revisions\/7686"}],"wp:featuredmedia":[{"embeddable":true,"href":"https:\/\/wandilsonramalho.com.br\/blog\/index.php?rest_route=\/wp\/v2\/media\/7685"}],"wp:attachment":[{"href":"https:\/\/wandilsonramalho.com.br\/blog\/index.php?rest_route=%2Fwp%2Fv2%2Fmedia&parent=7683"}],"wp:term":[{"taxonomy":"category","embeddable":true,"href":"https:\/\/wandilsonramalho.com.br\/blog\/index.php?rest_route=%2Fwp%2Fv2%2Fcategories&post=7683"},{"taxonomy":"post_tag","embeddable":true,"href":"https:\/\/wandilsonramalho.com.br\/blog\/index.php?rest_route=%2Fwp%2Fv2%2Ftags&post=7683"}],"curies":[{"name":"wp","href":"https:\/\/api.w.org\/{rel}","templated":true}]}}