{"id":7678,"date":"2020-10-05T01:43:00","date_gmt":"2020-10-05T04:43:00","guid":{"rendered":"https:\/\/wandilsonramalho.com.br\/blog\/?p=7678"},"modified":"2020-10-04T16:11:59","modified_gmt":"2020-10-04T19:11:59","slug":"paroquia-de-caraubas-faz-lancamento-da-peregrinacao-virtual-de-sao-sebastiao","status":"publish","type":"post","link":"https:\/\/wandilsonramalho.com.br\/blog\/?p=7678","title":{"rendered":"PAR\u00d3QUIA DE CARA\u00daBAS FAZ LAN\u00c7AMENTO DA PEREGRINA\u00c7\u00c3O VIRTUAL DE S\u00c3O SEBASTI\u00c3O.."},"content":{"rendered":"\n<p>Nossa Par\u00f3quia fez bonito s\u00e1bado no lan\u00e7amento da  Peregrina\u00e7\u00e3o Virtual de S\u00e3o Sebasti\u00e3o.<br>Ap\u00f3s a Missa , o Padre Ikaro Dre\u00e2m trouxe a imagem do nosso Padroeiro e deu inicio   a emocionante cerimonia de lan\u00e7amento da peregrina\u00e7\u00e3o .<\/p>\n\n\n\n<p>O rep\u00f3rter Vonuvio Praxedes fez a condu\u00e7\u00e3o do cerimonial .. <\/p>\n\n\n\n<p>Foi apresentado o hist\u00f3rico da peregrina\u00e7\u00e3o e o Padre \u00cdkaro explicou que o tema  ser a Esperan\u00e7a, Ele tamb\u00e9m  apresentou a equipe central da festa de 2021, que representou todos os fi\u00e9is que n\u00e3o puderam estar presentes.<\/p>\n\n\n\n<p>O padre \u00cdkaro apresentou uma r\u00e9plica em miniatura da imagem enquanto o sexteto da  banda de m\u00fasica tocou e encantou quando tocou o hino de S\u00e3o Sebasti\u00e3o no momento da queima de fotos e buzina\u00e7o ( emocionou !!).<\/p>\n\n\n\n<p>Devido a Pandemia, a limita\u00e7\u00e3o de visitas e de aglomera\u00e7\u00f5es,mas  as ora\u00e7\u00f5es n\u00e3o cessar\u00e3o. <\/p>\n\n\n\n<p>A peregrina\u00e7\u00e3o ser\u00e1 de  forma virtual, pelas redes sociais da Par\u00f3quia e poder\u00e3o ser acompanhadas por todos os fi\u00e9is sem a necessidade de se deslocarem de suas casas.<br>Tudo aconteceu com o distanciamento social, uso de m\u00e1scaras e \u00e1lcool em gel.<\/p>\n\n\n\n<p>Alguns em seus  carros ..<\/p>\n\n\n\n<p>Linda , linda ..a cerim\u00f4nia ..<\/p>\n\n\n\n<figure class=\"wp-block-image size-large\"><img data-recalc-dims=\"1\" fetchpriority=\"high\" decoding=\"async\" width=\"845\" height=\"481\" src=\"https:\/\/i0.wp.com\/wandilsonramalho.com.br\/blog\/wp-content\/uploads\/2020\/10\/120844441_3516909771706447_8576737557677592212_n.jpg?resize=845%2C481&#038;ssl=1\" alt=\"\" class=\"wp-image-7679\" srcset=\"https:\/\/i0.wp.com\/wandilsonramalho.com.br\/blog\/wp-content\/uploads\/2020\/10\/120844441_3516909771706447_8576737557677592212_n.jpg?w=908&amp;ssl=1 908w, https:\/\/i0.wp.com\/wandilsonramalho.com.br\/blog\/wp-content\/uploads\/2020\/10\/120844441_3516909771706447_8576737557677592212_n.jpg?resize=768%2C437&amp;ssl=1 768w, https:\/\/i0.wp.com\/wandilsonramalho.com.br\/blog\/wp-content\/uploads\/2020\/10\/120844441_3516909771706447_8576737557677592212_n.jpg?resize=585%2C333&amp;ssl=1 585w\" sizes=\"(max-width: 845px) 100vw, 845px\" \/><\/figure>\n\n\n\n<figure class=\"wp-block-image size-large\"><img data-recalc-dims=\"1\" decoding=\"async\" width=\"845\" height=\"503\" src=\"https:\/\/i0.wp.com\/wandilsonramalho.com.br\/blog\/wp-content\/uploads\/2020\/10\/120954988_3516909705039787_262062289387345531_n.jpg?resize=845%2C503&#038;ssl=1\" alt=\"\" class=\"wp-image-7681\" srcset=\"https:\/\/i0.wp.com\/wandilsonramalho.com.br\/blog\/wp-content\/uploads\/2020\/10\/120954988_3516909705039787_262062289387345531_n.jpg?w=960&amp;ssl=1 960w, https:\/\/i0.wp.com\/wandilsonramalho.com.br\/blog\/wp-content\/uploads\/2020\/10\/120954988_3516909705039787_262062289387345531_n.jpg?resize=768%2C457&amp;ssl=1 768w, https:\/\/i0.wp.com\/wandilsonramalho.com.br\/blog\/wp-content\/uploads\/2020\/10\/120954988_3516909705039787_262062289387345531_n.jpg?resize=585%2C348&amp;ssl=1 585w\" sizes=\"(max-width: 845px) 100vw, 845px\" \/><\/figure>\n\n\n\n\n","protected":false},"excerpt":{"rendered":"<p>Nossa Par\u00f3quia fez bonito s\u00e1bado no lan\u00e7amento da Peregrina\u00e7\u00e3o Virtual de S\u00e3o Sebasti\u00e3o.Ap\u00f3s a Missa , o Padre Ikaro Dre\u00e2m trouxe a imagem do nosso Padroeiro e deu inicio a emocionante cerimonia de lan\u00e7amento da peregrina\u00e7\u00e3o . O rep\u00f3rter Vonuvio Praxedes fez a condu\u00e7\u00e3o do cerimonial .. Foi apresentado o hist\u00f3rico da peregrina\u00e7\u00e3o e o <a href=\"https:\/\/wandilsonramalho.com.br\/blog\/?p=7678\">&#8230;<\/a><\/p>\n","protected":false},"author":2,"featured_media":7680,"comment_status":"open","ping_status":"open","sticky":false,"template":"","format":"standard","meta":{"_jetpack_memberships_contains_paid_content":false,"footnotes":""},"categories":[18],"tags":[],"class_list":["post-7678","post","type-post","status-publish","format-standard","has-post-thumbnail","hentry","category-caraubas"],"jetpack_featured_media_url":"https:\/\/i0.wp.com\/wandilsonramalho.com.br\/blog\/wp-content\/uploads\/2020\/10\/120755858_3516909618373129_9108075426370603551_n.jpg?fit=948%2C540&ssl=1","jetpack_sharing_enabled":true,"_links":{"self":[{"href":"https:\/\/wandilsonramalho.com.br\/blog\/index.php?rest_route=\/wp\/v2\/posts\/7678","targetHints":{"allow":["GET"]}}],"collection":[{"href":"https:\/\/wandilsonramalho.com.br\/blog\/index.php?rest_route=\/wp\/v2\/posts"}],"about":[{"href":"https:\/\/wandilsonramalho.com.br\/blog\/index.php?rest_route=\/wp\/v2\/types\/post"}],"author":[{"embeddable":true,"href":"https:\/\/wandilsonramalho.com.br\/blog\/index.php?rest_route=\/wp\/v2\/users\/2"}],"replies":[{"embeddable":true,"href":"https:\/\/wandilsonramalho.com.br\/blog\/index.php?rest_route=%2Fwp%2Fv2%2Fcomments&post=7678"}],"version-history":[{"count":1,"href":"https:\/\/wandilsonramalho.com.br\/blog\/index.php?rest_route=\/wp\/v2\/posts\/7678\/revisions"}],"predecessor-version":[{"id":7682,"href":"https:\/\/wandilsonramalho.com.br\/blog\/index.php?rest_route=\/wp\/v2\/posts\/7678\/revisions\/7682"}],"wp:featuredmedia":[{"embeddable":true,"href":"https:\/\/wandilsonramalho.com.br\/blog\/index.php?rest_route=\/wp\/v2\/media\/7680"}],"wp:attachment":[{"href":"https:\/\/wandilsonramalho.com.br\/blog\/index.php?rest_route=%2Fwp%2Fv2%2Fmedia&parent=7678"}],"wp:term":[{"taxonomy":"category","embeddable":true,"href":"https:\/\/wandilsonramalho.com.br\/blog\/index.php?rest_route=%2Fwp%2Fv2%2Fcategories&post=7678"},{"taxonomy":"post_tag","embeddable":true,"href":"https:\/\/wandilsonramalho.com.br\/blog\/index.php?rest_route=%2Fwp%2Fv2%2Ftags&post=7678"}],"curies":[{"name":"wp","href":"https:\/\/api.w.org\/{rel}","templated":true}]}}