{"id":7467,"date":"2020-09-23T07:13:07","date_gmt":"2020-09-23T10:13:07","guid":{"rendered":"https:\/\/wandilsonramalho.com.br\/blog\/?p=7467"},"modified":"2020-09-23T07:13:08","modified_gmt":"2020-09-23T10:13:08","slug":"dr-gustavo-pereira-e-enedina-celebrando-32-anos-de-vida-matrimonial","status":"publish","type":"post","link":"https:\/\/wandilsonramalho.com.br\/blog\/?p=7467","title":{"rendered":"dr gustavo pereira e enedina celebrando 32 anos de vida matrimonial"},"content":{"rendered":"\n<p>O m\u00e9dico , o amigo Gustavo Pereira e Enedina h\u00e1 32 anos disseram sim um ao outro ..<\/p>\n\n\n\n<p>S\u00e3o 32 anos de vida juntos felizes ..construindo uma familia cheios de amor ..carinho ..cumplicidade.<\/p>\n\n\n\n<p>Viva o amor !!<\/p>\n","protected":false},"excerpt":{"rendered":"<p>O m\u00e9dico , o amigo Gustavo Pereira e Enedina h\u00e1 32 anos disseram sim um ao outro .. S\u00e3o 32 anos de vida juntos felizes ..construindo uma familia cheios de amor ..carinho ..cumplicidade. Viva o amor !! <a href=\"https:\/\/wandilsonramalho.com.br\/blog\/?p=7467\">&#8230;<\/a><\/p>\n","protected":false},"author":2,"featured_media":7469,"comment_status":"open","ping_status":"open","sticky":false,"template":"","format":"standard","meta":{"_jetpack_memberships_contains_paid_content":false,"footnotes":""},"categories":[38],"tags":[],"class_list":["post-7467","post","type-post","status-publish","format-standard","has-post-thumbnail","hentry","category-especiais"],"jetpack_featured_media_url":"https:\/\/i0.wp.com\/wandilsonramalho.com.br\/blog\/wp-content\/uploads\/2020\/09\/329196_231698193588494_56032368_o-1.jpg?fit=640%2C480&ssl=1","jetpack_sharing_enabled":true,"_links":{"self":[{"href":"https:\/\/wandilsonramalho.com.br\/blog\/index.php?rest_route=\/wp\/v2\/posts\/7467","targetHints":{"allow":["GET"]}}],"collection":[{"href":"https:\/\/wandilsonramalho.com.br\/blog\/index.php?rest_route=\/wp\/v2\/posts"}],"about":[{"href":"https:\/\/wandilsonramalho.com.br\/blog\/index.php?rest_route=\/wp\/v2\/types\/post"}],"author":[{"embeddable":true,"href":"https:\/\/wandilsonramalho.com.br\/blog\/index.php?rest_route=\/wp\/v2\/users\/2"}],"replies":[{"embeddable":true,"href":"https:\/\/wandilsonramalho.com.br\/blog\/index.php?rest_route=%2Fwp%2Fv2%2Fcomments&post=7467"}],"version-history":[{"count":1,"href":"https:\/\/wandilsonramalho.com.br\/blog\/index.php?rest_route=\/wp\/v2\/posts\/7467\/revisions"}],"predecessor-version":[{"id":7470,"href":"https:\/\/wandilsonramalho.com.br\/blog\/index.php?rest_route=\/wp\/v2\/posts\/7467\/revisions\/7470"}],"wp:featuredmedia":[{"embeddable":true,"href":"https:\/\/wandilsonramalho.com.br\/blog\/index.php?rest_route=\/wp\/v2\/media\/7469"}],"wp:attachment":[{"href":"https:\/\/wandilsonramalho.com.br\/blog\/index.php?rest_route=%2Fwp%2Fv2%2Fmedia&parent=7467"}],"wp:term":[{"taxonomy":"category","embeddable":true,"href":"https:\/\/wandilsonramalho.com.br\/blog\/index.php?rest_route=%2Fwp%2Fv2%2Fcategories&post=7467"},{"taxonomy":"post_tag","embeddable":true,"href":"https:\/\/wandilsonramalho.com.br\/blog\/index.php?rest_route=%2Fwp%2Fv2%2Ftags&post=7467"}],"curies":[{"name":"wp","href":"https:\/\/api.w.org\/{rel}","templated":true}]}}