{"id":7256,"date":"2020-09-16T14:53:18","date_gmt":"2020-09-16T17:53:18","guid":{"rendered":"https:\/\/wandilsonramalho.com.br\/blog\/?p=7256"},"modified":"2020-09-16T14:53:20","modified_gmt":"2020-09-16T17:53:20","slug":"licurgo-fernandes-partiu-para-sempre","status":"publish","type":"post","link":"https:\/\/wandilsonramalho.com.br\/blog\/?p=7256","title":{"rendered":"lICURGO FERNANDES , PARTIU PARA SEMPRE"},"content":{"rendered":"\n<p>Um homem de bem , partiu, Licurgo Fernandes ..<\/p>\n\n\n\n<p>Lutou incessantemente pela vida .<\/p>\n\n\n\n<p>Hoje, se despediu deste mundo ..<\/p>\n\n\n\n<p>Um grande empreendedor , que deixou muitos ensinamentos para seus filhos , familiares e amigos. <\/p>\n\n\n\n<p>A dor , a saudade, o adeus .<\/p>\n\n\n\n<p>Para os familiares, o nosso abra\u00e7o.<\/p>\n\n\n\n<p>Para Licurgo , nossa ora\u00e7\u00e3o silenciosa ..<\/p>\n","protected":false},"excerpt":{"rendered":"<p>Um homem de bem , partiu, Licurgo Fernandes .. Lutou incessantemente pela vida . Hoje, se despediu deste mundo .. Um grande empreendedor , que deixou muitos ensinamentos para seus filhos , familiares e amigos. A dor , a saudade, o adeus . Para os familiares, o nosso abra\u00e7o. Para Licurgo , nossa ora\u00e7\u00e3o silenciosa <a href=\"https:\/\/wandilsonramalho.com.br\/blog\/?p=7256\">&#8230;<\/a><\/p>\n","protected":false},"author":2,"featured_media":7257,"comment_status":"open","ping_status":"open","sticky":false,"template":"","format":"standard","meta":{"_jetpack_memberships_contains_paid_content":false,"footnotes":""},"categories":[18],"tags":[],"class_list":["post-7256","post","type-post","status-publish","format-standard","has-post-thumbnail","hentry","category-caraubas"],"jetpack_featured_media_url":"https:\/\/i0.wp.com\/wandilsonramalho.com.br\/blog\/wp-content\/uploads\/2020\/09\/44828965_2187325668221872_6806491594619879424_n-1.png?fit=461%2C529&ssl=1","jetpack_sharing_enabled":true,"_links":{"self":[{"href":"https:\/\/wandilsonramalho.com.br\/blog\/index.php?rest_route=\/wp\/v2\/posts\/7256","targetHints":{"allow":["GET"]}}],"collection":[{"href":"https:\/\/wandilsonramalho.com.br\/blog\/index.php?rest_route=\/wp\/v2\/posts"}],"about":[{"href":"https:\/\/wandilsonramalho.com.br\/blog\/index.php?rest_route=\/wp\/v2\/types\/post"}],"author":[{"embeddable":true,"href":"https:\/\/wandilsonramalho.com.br\/blog\/index.php?rest_route=\/wp\/v2\/users\/2"}],"replies":[{"embeddable":true,"href":"https:\/\/wandilsonramalho.com.br\/blog\/index.php?rest_route=%2Fwp%2Fv2%2Fcomments&post=7256"}],"version-history":[{"count":1,"href":"https:\/\/wandilsonramalho.com.br\/blog\/index.php?rest_route=\/wp\/v2\/posts\/7256\/revisions"}],"predecessor-version":[{"id":7258,"href":"https:\/\/wandilsonramalho.com.br\/blog\/index.php?rest_route=\/wp\/v2\/posts\/7256\/revisions\/7258"}],"wp:featuredmedia":[{"embeddable":true,"href":"https:\/\/wandilsonramalho.com.br\/blog\/index.php?rest_route=\/wp\/v2\/media\/7257"}],"wp:attachment":[{"href":"https:\/\/wandilsonramalho.com.br\/blog\/index.php?rest_route=%2Fwp%2Fv2%2Fmedia&parent=7256"}],"wp:term":[{"taxonomy":"category","embeddable":true,"href":"https:\/\/wandilsonramalho.com.br\/blog\/index.php?rest_route=%2Fwp%2Fv2%2Fcategories&post=7256"},{"taxonomy":"post_tag","embeddable":true,"href":"https:\/\/wandilsonramalho.com.br\/blog\/index.php?rest_route=%2Fwp%2Fv2%2Ftags&post=7256"}],"curies":[{"name":"wp","href":"https:\/\/api.w.org\/{rel}","templated":true}]}}