{"id":7129,"date":"2020-09-14T01:11:43","date_gmt":"2020-09-14T04:11:43","guid":{"rendered":"https:\/\/wandilsonramalho.com.br\/blog\/?p=7129"},"modified":"2020-09-13T17:20:30","modified_gmt":"2020-09-13T20:20:30","slug":"lancamento-da-festa-de-santa-luzia-mossoro-rn","status":"publish","type":"post","link":"https:\/\/wandilsonramalho.com.br\/blog\/?p=7129","title":{"rendered":"lan\u00e7amento da festa de santa luzia -mossor\u00f3 rn."},"content":{"rendered":"\n\n\n<p>O lan\u00e7amento da festa de Santa Luzia com  o tema GRATID\u00c3O numa homenagem aos profissionais da sa\u00fade que est\u00e3o na linha de frente do combate \u00e1 Covid -19 , aconteceu s\u00e1bado na Catedral de Santa Luzia com presen\u00e7as de convidados e transmitido ao vivo pela TCM , Youtube, Facebook da Par\u00f3quia de Santa Luzia, @radioruraldemossoro e redes sociais das par\u00f3quias da @diocesedemossoro.<\/p>\n\n\n\n<p>Tudo foi presidido pelo Bispo Dom Mariano Manzana .<\/p>\n\n\n\n<p> O padre Flavio Forte Melo vig\u00e1rio Geral  apresentou alguns eventos que acontecer\u00e3o durante e festa. <\/p>\n\n\n\n<p>Durante o evento ocorreu o lucern\u00e1rio , um ritual celebrado \u00e0 luz de velas ..simbolizando a luz de Jesus que vence, sempre, as trevas do mal.<\/p>\n\n\n\n<p>Momento com os cantores que cantaram  e encantaram, Giannini Alencar, o medico Everaldo Rodrigues , a dupla Aline e Dayvd, Andr\u00e9 da Mata, Anderson Lima..<\/p>\n\n\n\n<p>Presen\u00e7as da Governadora F\u00e1tima Bezerra e a prefeita mossoroense Rosalba Ciarlini, o padre Charles Lamartine .<\/p>\n\n\n\n<p>A produ\u00e7\u00e3o da M\u00e1ster que fez bonito ..arrasou <\/p>\n\n\n\n<p>O cerimonial comandado pelo mestre Walterlin Lopes que encantou todos com suas palavras de sabedoria ..neste momento t\u00e3o importante .<\/p>\n\n\n\n<p>Aplausos , para toda a Diocese e especialmente para o Padre Fl\u00e1vio de Melo .<\/p>\n\n\n\n<figure class=\"wp-block-image size-large\"><img data-recalc-dims=\"1\" fetchpriority=\"high\" decoding=\"async\" width=\"845\" height=\"527\" src=\"https:\/\/i0.wp.com\/wandilsonramalho.com.br\/blog\/wp-content\/uploads\/2020\/09\/119065848_3921257871234064_1528906804359697557_o.jpg?resize=845%2C527&#038;ssl=1\" alt=\"\" class=\"wp-image-7136\"\/><\/figure>\n\n\n\n<figure class=\"wp-block-image size-large\"><img data-recalc-dims=\"1\" decoding=\"async\" width=\"845\" height=\"527\" src=\"https:\/\/i0.wp.com\/wandilsonramalho.com.br\/blog\/wp-content\/uploads\/2020\/09\/celio-duarte.jpg?resize=845%2C527&#038;ssl=1\" alt=\"\" class=\"wp-image-7139\"\/><\/figure>\n\n\n\n<figure class=\"wp-block-image size-large\"><img data-recalc-dims=\"1\" decoding=\"async\" width=\"845\" height=\"527\" src=\"https:\/\/i0.wp.com\/wandilsonramalho.com.br\/blog\/wp-content\/uploads\/2020\/09\/119218001_3921258364567348_1687835463660220204_o.jpg?resize=845%2C527&#038;ssl=1\" alt=\"\" class=\"wp-image-7140\"\/><\/figure>\n\n\n\n<figure class=\"wp-block-image size-large\"><img data-recalc-dims=\"1\" loading=\"lazy\" decoding=\"async\" width=\"845\" height=\"535\" src=\"https:\/\/i0.wp.com\/wandilsonramalho.com.br\/blog\/wp-content\/uploads\/2020\/09\/119239156_2084643965001522_4290089125016873341_o.jpg?resize=845%2C535&#038;ssl=1\" alt=\"\" class=\"wp-image-7141\"\/><\/figure>\n\n\n\n<figure class=\"wp-block-image size-large\"><img data-recalc-dims=\"1\" loading=\"lazy\" decoding=\"async\" width=\"845\" height=\"527\" src=\"https:\/\/i0.wp.com\/wandilsonramalho.com.br\/blog\/wp-content\/uploads\/2020\/09\/119220143_3921260427900475_7809816811562219880_o.jpg?resize=845%2C527&#038;ssl=1\" alt=\"\" class=\"wp-image-7142\"\/><\/figure>\n\n\n\n<figure class=\"wp-block-image size-large\"><img data-recalc-dims=\"1\" loading=\"lazy\" decoding=\"async\" width=\"845\" height=\"527\" src=\"https:\/\/i0.wp.com\/wandilsonramalho.com.br\/blog\/wp-content\/uploads\/2020\/09\/119483183_3921260407900477_8478440678647555428_o.jpg?resize=845%2C527&#038;ssl=1\" alt=\"\" class=\"wp-image-7143\"\/><\/figure>\n\n\n\n\n\n\n\n\n\n\n\n\n\n\n\n<p> <\/p>\n\n\n\n<p><br><br>\u201c<\/p>\n","protected":false},"excerpt":{"rendered":"<p>O lan\u00e7amento da festa de Santa Luzia com o tema GRATID\u00c3O numa homenagem aos profissionais da sa\u00fade que est\u00e3o na linha de frente do combate \u00e1 Covid -19 , aconteceu s\u00e1bado na Catedral de Santa Luzia com presen\u00e7as de convidados e transmitido ao vivo pela TCM , Youtube, Facebook da Par\u00f3quia de Santa Luzia, @radioruraldemossoro <a href=\"https:\/\/wandilsonramalho.com.br\/blog\/?p=7129\">&#8230;<\/a><\/p>\n","protected":false},"author":2,"featured_media":7134,"comment_status":"open","ping_status":"open","sticky":false,"template":"","format":"standard","meta":{"_jetpack_memberships_contains_paid_content":false,"footnotes":""},"categories":[38],"tags":[],"class_list":["post-7129","post","type-post","status-publish","format-standard","has-post-thumbnail","hentry","category-especiais"],"jetpack_featured_media_url":"https:\/\/i0.wp.com\/wandilsonramalho.com.br\/blog\/wp-content\/uploads\/2020\/09\/119497675_3921257714567413_6925016527309360766_o.jpg?fit=2048%2C1454&ssl=1","jetpack_sharing_enabled":true,"_links":{"self":[{"href":"https:\/\/wandilsonramalho.com.br\/blog\/index.php?rest_route=\/wp\/v2\/posts\/7129","targetHints":{"allow":["GET"]}}],"collection":[{"href":"https:\/\/wandilsonramalho.com.br\/blog\/index.php?rest_route=\/wp\/v2\/posts"}],"about":[{"href":"https:\/\/wandilsonramalho.com.br\/blog\/index.php?rest_route=\/wp\/v2\/types\/post"}],"author":[{"embeddable":true,"href":"https:\/\/wandilsonramalho.com.br\/blog\/index.php?rest_route=\/wp\/v2\/users\/2"}],"replies":[{"embeddable":true,"href":"https:\/\/wandilsonramalho.com.br\/blog\/index.php?rest_route=%2Fwp%2Fv2%2Fcomments&post=7129"}],"version-history":[{"count":7,"href":"https:\/\/wandilsonramalho.com.br\/blog\/index.php?rest_route=\/wp\/v2\/posts\/7129\/revisions"}],"predecessor-version":[{"id":7144,"href":"https:\/\/wandilsonramalho.com.br\/blog\/index.php?rest_route=\/wp\/v2\/posts\/7129\/revisions\/7144"}],"wp:featuredmedia":[{"embeddable":true,"href":"https:\/\/wandilsonramalho.com.br\/blog\/index.php?rest_route=\/wp\/v2\/media\/7134"}],"wp:attachment":[{"href":"https:\/\/wandilsonramalho.com.br\/blog\/index.php?rest_route=%2Fwp%2Fv2%2Fmedia&parent=7129"}],"wp:term":[{"taxonomy":"category","embeddable":true,"href":"https:\/\/wandilsonramalho.com.br\/blog\/index.php?rest_route=%2Fwp%2Fv2%2Fcategories&post=7129"},{"taxonomy":"post_tag","embeddable":true,"href":"https:\/\/wandilsonramalho.com.br\/blog\/index.php?rest_route=%2Fwp%2Fv2%2Ftags&post=7129"}],"curies":[{"name":"wp","href":"https:\/\/api.w.org\/{rel}","templated":true}]}}