{"id":7114,"date":"2020-09-13T00:26:31","date_gmt":"2020-09-13T03:26:31","guid":{"rendered":"https:\/\/wandilsonramalho.com.br\/blog\/?p=7114"},"modified":"2020-09-10T17:28:07","modified_gmt":"2020-09-10T20:28:07","slug":"vontade-de-que","status":"publish","type":"post","link":"https:\/\/wandilsonramalho.com.br\/blog\/?p=7114","title":{"rendered":"VONTADE DE QUE ?"},"content":{"rendered":"\n<p>\u275dD\u00e1 uma vontade doida de resolver a vida com uma x\u00edcara de caf\u00e9 fresquinho, um poema a\u00e7ucarado, uma can\u00e7\u00e3o de ninar, um sonho louco. D\u00e1 vontade de salvar o mundo com um dia florido, uma espalhafatosa alegria e uma declara\u00e7\u00e3o de amor.\u275e<br><br>Ita Portugal<\/p>\n\n\n\n<p>FOTO :M\u00c1RCIA LIANA <\/p>\n","protected":false},"excerpt":{"rendered":"<p>\u275dD\u00e1 uma vontade doida de resolver a vida com uma x\u00edcara de caf\u00e9 fresquinho, um poema a\u00e7ucarado, uma can\u00e7\u00e3o de ninar, um sonho louco. D\u00e1 vontade de salvar o mundo com um dia florido, uma espalhafatosa alegria e uma declara\u00e7\u00e3o de amor.\u275e Ita Portugal FOTO :M\u00c1RCIA LIANA <a href=\"https:\/\/wandilsonramalho.com.br\/blog\/?p=7114\">&#8230;<\/a><\/p>\n","protected":false},"author":2,"featured_media":7115,"comment_status":"open","ping_status":"open","sticky":false,"template":"","format":"standard","meta":{"_jetpack_memberships_contains_paid_content":false,"footnotes":""},"categories":[26],"tags":[],"class_list":["post-7114","post","type-post","status-publish","format-standard","has-post-thumbnail","hentry","category-coluna"],"jetpack_featured_media_url":"https:\/\/i0.wp.com\/wandilsonramalho.com.br\/blog\/wp-content\/uploads\/2020\/09\/34436352_2161897273836800_3596446266088751104_o.jpg?fit=1080%2C853&ssl=1","jetpack_sharing_enabled":true,"_links":{"self":[{"href":"https:\/\/wandilsonramalho.com.br\/blog\/index.php?rest_route=\/wp\/v2\/posts\/7114","targetHints":{"allow":["GET"]}}],"collection":[{"href":"https:\/\/wandilsonramalho.com.br\/blog\/index.php?rest_route=\/wp\/v2\/posts"}],"about":[{"href":"https:\/\/wandilsonramalho.com.br\/blog\/index.php?rest_route=\/wp\/v2\/types\/post"}],"author":[{"embeddable":true,"href":"https:\/\/wandilsonramalho.com.br\/blog\/index.php?rest_route=\/wp\/v2\/users\/2"}],"replies":[{"embeddable":true,"href":"https:\/\/wandilsonramalho.com.br\/blog\/index.php?rest_route=%2Fwp%2Fv2%2Fcomments&post=7114"}],"version-history":[{"count":1,"href":"https:\/\/wandilsonramalho.com.br\/blog\/index.php?rest_route=\/wp\/v2\/posts\/7114\/revisions"}],"predecessor-version":[{"id":7116,"href":"https:\/\/wandilsonramalho.com.br\/blog\/index.php?rest_route=\/wp\/v2\/posts\/7114\/revisions\/7116"}],"wp:featuredmedia":[{"embeddable":true,"href":"https:\/\/wandilsonramalho.com.br\/blog\/index.php?rest_route=\/wp\/v2\/media\/7115"}],"wp:attachment":[{"href":"https:\/\/wandilsonramalho.com.br\/blog\/index.php?rest_route=%2Fwp%2Fv2%2Fmedia&parent=7114"}],"wp:term":[{"taxonomy":"category","embeddable":true,"href":"https:\/\/wandilsonramalho.com.br\/blog\/index.php?rest_route=%2Fwp%2Fv2%2Fcategories&post=7114"},{"taxonomy":"post_tag","embeddable":true,"href":"https:\/\/wandilsonramalho.com.br\/blog\/index.php?rest_route=%2Fwp%2Fv2%2Ftags&post=7114"}],"curies":[{"name":"wp","href":"https:\/\/api.w.org\/{rel}","templated":true}]}}