{"id":7019,"date":"2020-09-09T01:07:26","date_gmt":"2020-09-09T04:07:26","guid":{"rendered":"https:\/\/wandilsonramalho.com.br\/blog\/?p=7019"},"modified":"2020-09-08T20:12:49","modified_gmt":"2020-09-08T23:12:49","slug":"uso-de-mascara-sera-obrigatorio-para-votar","status":"publish","type":"post","link":"https:\/\/wandilsonramalho.com.br\/blog\/?p=7019","title":{"rendered":"uso de m\u00e1scara ser\u00e1 obrigat\u00f3rio para votar .."},"content":{"rendered":"\n<p>Veja a reportagem na \u00edntegra .<\/p>\n\n\n\n<p>O Tribunal Superior Eleitoral informou hoje  que o uso de m\u00e1scara ser\u00e1 obrigat\u00f3rio no momento da vota\u00e7\u00e3o nas elei\u00e7\u00f5es municipais deste ano.<\/p>\n\n\n\n<p>\u201cO eleitor deve usar a m\u00e1scara desde o momento em que sai de casa e n\u00e3o ser\u00e1 permitida a entrada no local de vota\u00e7\u00e3o sem o uso de m\u00e1scara\u201d, disse hoje o presidente do TSE, Lu\u00eds Roberto Barroso.<\/p>\n\n\n\n<p>A Justi\u00e7a Eleitoral n\u00e3o vai ceder m\u00e1scaras para eleitores.<\/p>\n\n\n\n<p>Todas as 401.950 se\u00e7\u00f5es eleitorais do pa\u00eds ter\u00e3o \u00e1lcool em gel para que eleitores possam limpar as m\u00e3os antes e depois de votar. As urnas eletr\u00f4nicas n\u00e3o ser\u00e3o higienizadas, da\u00ed a obriga\u00e7\u00e3o de limpar as m\u00e3os antes com o \u00e1lcool.<\/p>\n\n\n\n<p>Foram doados 1 milh\u00e3o de frascos de 1 litro para uso os eleitores. Al\u00e9m desses frascos, cada um dos 2 milh\u00f5es de mes\u00e1rios ter\u00e1 um frasco para uso individual, al\u00e9m de m\u00e1scaras e viseiras pl\u00e1sticas.<\/p>\n\n\n\n<p>As doa\u00e7\u00f5es foram feitas por mais de 20 empresas e associa\u00e7\u00f5es empresariais.<\/p>\n\n\n\n<p>Eleitores e mes\u00e1rios ser\u00e3o orientados a manter dist\u00e2ncia m\u00ednima de 1 metro de outras pessoas. N\u00e3o haver\u00e1 identifica\u00e7\u00e3o por biometria, e o eleitor dever\u00e1 apenas mostrar seu documento ao mes\u00e1rio.<\/p>\n\n\n\n<p>O TSE recomenda que o eleitor leve a pr\u00f3pria caneta para assinar o caderno de vota\u00e7\u00e3o antes de ir para a urna eletr\u00f4nica.<\/p>\n\n\n\n<p>Tamb\u00e9m n\u00e3o haver\u00e1 medi\u00e7\u00e3o de temperatura nos locais de vota\u00e7\u00e3o (para evitar aglomera\u00e7\u00f5es), mas quem tiver febre ou for diagnosticado com a Covid-19 nos 14 dias anteriores n\u00e3o dever\u00e1 comparecer.<\/p>\n\n\n\n<p>A justificativa poder\u00e1 ser feita por esse motivo, por meio do aplicativo e-t\u00edtulo ou at\u00e9 60 dias depois da elei\u00e7\u00e3o.<\/p>\n\n\n\n<p>O primeiro turno ocorrer\u00e1 no dia 15 de novembro e o segundo turno, onde houver, ser\u00e1 em 29 de novembro. O hor\u00e1rio de vota\u00e7\u00e3o ser\u00e1 das 7h \u00e0s 17h (pessoas com mais de 60 anos ter\u00e3o prefer\u00eancia de 7h \u00e0s 10h).<\/p>\n\n\n\n<p>O Antagonista <\/p>\n\n\n\n<figure class=\"wp-block-image size-large\"><img data-recalc-dims=\"1\" fetchpriority=\"high\" decoding=\"async\" width=\"845\" height=\"527\" src=\"https:\/\/i0.wp.com\/wandilsonramalho.com.br\/blog\/wp-content\/uploads\/2020\/09\/mascara-1.jpg?resize=845%2C527&#038;ssl=1\" alt=\"\" class=\"wp-image-7023\"\/><\/figure>\n\n\n","protected":false},"excerpt":{"rendered":"<p>Veja a reportagem na \u00edntegra . O Tribunal Superior Eleitoral informou hoje que o uso de m\u00e1scara ser\u00e1 obrigat\u00f3rio no momento da vota\u00e7\u00e3o nas elei\u00e7\u00f5es municipais deste ano. \u201cO eleitor deve usar a m\u00e1scara desde o momento em que sai de casa e n\u00e3o ser\u00e1 permitida a entrada no local de vota\u00e7\u00e3o sem o uso <a href=\"https:\/\/wandilsonramalho.com.br\/blog\/?p=7019\">&#8230;<\/a><\/p>\n","protected":false},"author":2,"featured_media":7023,"comment_status":"open","ping_status":"open","sticky":false,"template":"","format":"standard","meta":{"_jetpack_memberships_contains_paid_content":false,"footnotes":""},"categories":[1],"tags":[],"class_list":["post-7019","post","type-post","status-publish","format-standard","has-post-thumbnail","hentry","category-uncategorized"],"jetpack_featured_media_url":"https:\/\/i0.wp.com\/wandilsonramalho.com.br\/blog\/wp-content\/uploads\/2020\/09\/mascara-1.jpg?fit=1440%2C968&ssl=1","jetpack_sharing_enabled":true,"_links":{"self":[{"href":"https:\/\/wandilsonramalho.com.br\/blog\/index.php?rest_route=\/wp\/v2\/posts\/7019","targetHints":{"allow":["GET"]}}],"collection":[{"href":"https:\/\/wandilsonramalho.com.br\/blog\/index.php?rest_route=\/wp\/v2\/posts"}],"about":[{"href":"https:\/\/wandilsonramalho.com.br\/blog\/index.php?rest_route=\/wp\/v2\/types\/post"}],"author":[{"embeddable":true,"href":"https:\/\/wandilsonramalho.com.br\/blog\/index.php?rest_route=\/wp\/v2\/users\/2"}],"replies":[{"embeddable":true,"href":"https:\/\/wandilsonramalho.com.br\/blog\/index.php?rest_route=%2Fwp%2Fv2%2Fcomments&post=7019"}],"version-history":[{"count":6,"href":"https:\/\/wandilsonramalho.com.br\/blog\/index.php?rest_route=\/wp\/v2\/posts\/7019\/revisions"}],"predecessor-version":[{"id":7027,"href":"https:\/\/wandilsonramalho.com.br\/blog\/index.php?rest_route=\/wp\/v2\/posts\/7019\/revisions\/7027"}],"wp:featuredmedia":[{"embeddable":true,"href":"https:\/\/wandilsonramalho.com.br\/blog\/index.php?rest_route=\/wp\/v2\/media\/7023"}],"wp:attachment":[{"href":"https:\/\/wandilsonramalho.com.br\/blog\/index.php?rest_route=%2Fwp%2Fv2%2Fmedia&parent=7019"}],"wp:term":[{"taxonomy":"category","embeddable":true,"href":"https:\/\/wandilsonramalho.com.br\/blog\/index.php?rest_route=%2Fwp%2Fv2%2Fcategories&post=7019"},{"taxonomy":"post_tag","embeddable":true,"href":"https:\/\/wandilsonramalho.com.br\/blog\/index.php?rest_route=%2Fwp%2Fv2%2Ftags&post=7019"}],"curies":[{"name":"wp","href":"https:\/\/api.w.org\/{rel}","templated":true}]}}