{"id":6972,"date":"2020-09-09T01:58:09","date_gmt":"2020-09-09T04:58:09","guid":{"rendered":"https:\/\/wandilsonramalho.com.br\/blog\/?p=6972"},"modified":"2020-09-08T19:58:34","modified_gmt":"2020-09-08T22:58:34","slug":"ordenacao-sacerdotal-do-padre-ikaro-drean","status":"publish","type":"post","link":"https:\/\/wandilsonramalho.com.br\/blog\/?p=6972","title":{"rendered":"ordena\u00e7\u00e3o sacerdotal do PADRE IKARO DRE\u00c2N"},"content":{"rendered":"\n<p>Como \u00e9 belo o rito da ordena\u00e7\u00e3o sacerdotal!!<\/p>\n\n\n\n<p>Como foi emocionante e bela a  ordena\u00e7\u00e3o sacerdotal de Ikaro Dre\u00e2m em Marcelino Vieira sua cidade ber\u00e7o dia 05 s\u00e1bado , presidida pelo Bispo Dom Mariano Manzana.<\/p>\n\n\n\n<p>Bel\u00edssima a cerim\u00f4nia ..<\/p>\n\n\n\n<p>O coral especial de Cara\u00fabas encantou ..Os cantores Canind\u00e9 Costa, Jarcilene Torquato , Dickson St\u00e9fany, Iure Morais, Josu\u00e9 Melo , Alef Alves, Crisanda C\u00e3mara, \u00cdtalo Costa, Cris Sales, Lucrecia Camila , Geovana Viana m Emanuel Vinicius, Netinho Silva, Leonilson Junior, Paulo Josemberg , Hudson Diego e Dauanny Praxedes ..<\/p>\n\n\n\n<p>A decora\u00e7\u00e3o cl\u00e1ssica (linda) assinada pelos caraubenses Miqu\u00e9ias Miz\u00e1 , Hierro Geovany, Jordan Vinicius e Jaqueline de G\u00f3is ..<\/p>\n\n\n\n<p>O discurso de Ikaro chamou a aten\u00e7\u00e3o , priorizando a gratid\u00e3o .<\/p>\n\n\n\n<p>Dois momentos fortes , quando recebeu a casula sacerdotal tocou todos n\u00f3s ..quando foi entregue pelo padre Hipolito e depois chorando de forma incontida abra\u00e7ou os pais ..(lindo).<\/p>\n\n\n\n<p>Presen\u00e7as dos Padres Demetrio J\u00fanior e Glaudio Costa, Jaimar Gomes da Pascom , Rilma Gurgel (secret\u00e1ria )  e futuro padre, dr Julio Cesar Marques ..<\/p>\n\n\n\n\n\n\n\n<figure class=\"wp-block-image size-large\"><img data-recalc-dims=\"1\" fetchpriority=\"high\" decoding=\"async\" width=\"480\" height=\"513\" src=\"https:\/\/i0.wp.com\/wandilsonramalho.com.br\/blog\/wp-content\/uploads\/2020\/09\/1-1.jpg?resize=480%2C513&#038;ssl=1\" alt=\"\" class=\"wp-image-6996\"\/><\/figure>\n\n\n\n<figure class=\"wp-block-image size-large\"><img data-recalc-dims=\"1\" decoding=\"async\" width=\"479\" height=\"640\" src=\"https:\/\/i0.wp.com\/wandilsonramalho.com.br\/blog\/wp-content\/uploads\/2020\/09\/6.jpg?resize=479%2C640&#038;ssl=1\" alt=\"\" class=\"wp-image-6997\"\/><\/figure>\n\n\n\n<figure class=\"wp-block-image size-large\"><img data-recalc-dims=\"1\" decoding=\"async\" width=\"845\" height=\"527\" src=\"https:\/\/i0.wp.com\/wandilsonramalho.com.br\/blog\/wp-content\/uploads\/2020\/09\/4.jpg?resize=845%2C527&#038;ssl=1\" alt=\"\" class=\"wp-image-6999\"\/><\/figure>\n\n\n\n<figure class=\"wp-block-image size-large\"><img data-recalc-dims=\"1\" loading=\"lazy\" decoding=\"async\" width=\"720\" height=\"481\" src=\"https:\/\/i0.wp.com\/wandilsonramalho.com.br\/blog\/wp-content\/uploads\/2020\/09\/thumbnaikar.jpg?resize=720%2C481&#038;ssl=1\" alt=\"\" class=\"wp-image-7000\" srcset=\"https:\/\/i0.wp.com\/wandilsonramalho.com.br\/blog\/wp-content\/uploads\/2020\/09\/thumbnaikar.jpg?w=720&amp;ssl=1 720w, https:\/\/i0.wp.com\/wandilsonramalho.com.br\/blog\/wp-content\/uploads\/2020\/09\/thumbnaikar.jpg?resize=585%2C391&amp;ssl=1 585w\" sizes=\"(max-width: 720px) 100vw, 720px\" \/><\/figure>\n\n\n\n\n","protected":false},"excerpt":{"rendered":"<p>Como \u00e9 belo o rito da ordena\u00e7\u00e3o sacerdotal!! Como foi emocionante e bela a ordena\u00e7\u00e3o sacerdotal de Ikaro Dre\u00e2m em Marcelino Vieira sua cidade ber\u00e7o dia 05 s\u00e1bado , presidida pelo Bispo Dom Mariano Manzana. Bel\u00edssima a cerim\u00f4nia .. O coral especial de Cara\u00fabas encantou ..Os cantores Canind\u00e9 Costa, Jarcilene Torquato , Dickson St\u00e9fany, Iure <a href=\"https:\/\/wandilsonramalho.com.br\/blog\/?p=6972\">&#8230;<\/a><\/p>\n","protected":false},"author":2,"featured_media":7015,"comment_status":"open","ping_status":"open","sticky":false,"template":"","format":"standard","meta":{"_jetpack_memberships_contains_paid_content":false,"footnotes":""},"categories":[1],"tags":[],"class_list":["post-6972","post","type-post","status-publish","format-standard","has-post-thumbnail","hentry","category-uncategorized"],"jetpack_featured_media_url":"https:\/\/i0.wp.com\/wandilsonramalho.com.br\/blog\/wp-content\/uploads\/2020\/09\/2-1.jpg?fit=360%2C640&ssl=1","jetpack_sharing_enabled":true,"_links":{"self":[{"href":"https:\/\/wandilsonramalho.com.br\/blog\/index.php?rest_route=\/wp\/v2\/posts\/6972","targetHints":{"allow":["GET"]}}],"collection":[{"href":"https:\/\/wandilsonramalho.com.br\/blog\/index.php?rest_route=\/wp\/v2\/posts"}],"about":[{"href":"https:\/\/wandilsonramalho.com.br\/blog\/index.php?rest_route=\/wp\/v2\/types\/post"}],"author":[{"embeddable":true,"href":"https:\/\/wandilsonramalho.com.br\/blog\/index.php?rest_route=\/wp\/v2\/users\/2"}],"replies":[{"embeddable":true,"href":"https:\/\/wandilsonramalho.com.br\/blog\/index.php?rest_route=%2Fwp%2Fv2%2Fcomments&post=6972"}],"version-history":[{"count":12,"href":"https:\/\/wandilsonramalho.com.br\/blog\/index.php?rest_route=\/wp\/v2\/posts\/6972\/revisions"}],"predecessor-version":[{"id":7016,"href":"https:\/\/wandilsonramalho.com.br\/blog\/index.php?rest_route=\/wp\/v2\/posts\/6972\/revisions\/7016"}],"wp:featuredmedia":[{"embeddable":true,"href":"https:\/\/wandilsonramalho.com.br\/blog\/index.php?rest_route=\/wp\/v2\/media\/7015"}],"wp:attachment":[{"href":"https:\/\/wandilsonramalho.com.br\/blog\/index.php?rest_route=%2Fwp%2Fv2%2Fmedia&parent=6972"}],"wp:term":[{"taxonomy":"category","embeddable":true,"href":"https:\/\/wandilsonramalho.com.br\/blog\/index.php?rest_route=%2Fwp%2Fv2%2Fcategories&post=6972"},{"taxonomy":"post_tag","embeddable":true,"href":"https:\/\/wandilsonramalho.com.br\/blog\/index.php?rest_route=%2Fwp%2Fv2%2Ftags&post=6972"}],"curies":[{"name":"wp","href":"https:\/\/api.w.org\/{rel}","templated":true}]}}