{"id":6934,"date":"2020-09-06T01:01:02","date_gmt":"2020-09-06T04:01:02","guid":{"rendered":"https:\/\/wandilsonramalho.com.br\/blog\/?p=6934"},"modified":"2020-09-04T20:06:18","modified_gmt":"2020-09-04T23:06:18","slug":"alertas","status":"publish","type":"post","link":"https:\/\/wandilsonramalho.com.br\/blog\/?p=6934","title":{"rendered":"alertas .."},"content":{"rendered":"\n<p>TODA DOR \u00c9 REAL<\/p>\n\n\n\n<p>QUANDO TUDO D\u00d3I, A DOR N\u00c3O \u00c9 F\u00cdSICA.<\/p>\n\n\n\n<p>Quando ainda era acad\u00eamica ouvi de um professor algo que nunca esqueci &#8220;quando tudo doi a dor n\u00e3o \u00e9 f\u00edsica&#8221;&#8230;<\/p>\n\n\n\n<p>Talvez eu n\u00e3o tenha dimensionado naquele instante a grandeza desse di\u00e1logo.<\/p>\n\n\n\n<p>Hoje geriatra, vivenciando diariamente a rotina dos meus pacientes, vejo o quanto esse olhar me abriu para compreender cada um que chega com dores por todo corpo; muitas vezes n\u00e3o sabendo nem por onde come\u00e7ar ou sequer explicar como acontece.<\/p>\n\n\n\n<p>Ou\u00e7o com aten\u00e7\u00e3o \u00e0s queixas de dores de cabe\u00e7a, no est\u00f4mago, musculares, \u00f3sseas, palpita\u00e7\u00f5es, n\u00e1useas, coceiras&#8230;<\/p>\n\n\n\n<p>Depois fa\u00e7o apenas uma pergunta &#8221; o que est\u00e1 realmente acontecendo com voc\u00ea? &#8220;<\/p>\n\n\n\n<p>Ap\u00f3s um minuto de hesita\u00e7\u00e3o e at\u00e9 espanto, a maioria cai num choro convulso e doloroso. Deixo o choro libertador acontecer e ent\u00e3o no lugar das queixas \u00e1lgicas ou\u00e7o t\u00e9rmino de rela\u00e7\u00f5es, perdas de pessoas queridas, problemas financeiros, medos, ang\u00fastias e ansiedades&#8230;<\/p>\n\n\n\n<p>Novamente lembro &#8211; me da frase &#8221; quando tudo doi a dor n\u00e3o \u00e9 fisica&#8221;&#8230; N\u00e3o \u00e9! A dor \u00e9 na alma&#8230;<\/p>\n\n\n\n<p>Tudo que nos faz mal e guardamos, por um mecanismo de defesa, vai sair de alguma forma&#8230; muitas vezes em forma de doen\u00e7a!<\/p>\n\n\n\n<p>\u00c9 nosso corpo f\u00edsico gritando pelo resgate da nossa alma&#8230;<\/p>\n\n\n\n<p>\u00c9 nosso corpo nos confrontando com nosso eu&#8230;<\/p>\n\n\n\n<p>\u00c9 nosso corpo nos mostrando o que n\u00e3o vai bem&#8230;<\/p>\n\n\n\n<p>\u00c9 nosso corpo dizendo &#8221; olhe pra voc\u00ea &#8220;<\/p>\n\n\n\n<p>As vezes \u00e9 dif\u00edcil compreender e at\u00e9 acreditar nisso. Normal! Estamos t\u00e3o mentais, t\u00e3o obcecados pela objetividade que s\u00f3 mesmo adoecendo, doendo, machucando \u00e9 que paramos para valorizar nossas sensa\u00e7\u00f5es e nos perceber. ..<\/p>\n\n\n\n<p>Ningu\u00e9m gosta de sentir dor, ningu\u00e9m quer adoecer, todo mundo teme se machucar&#8230;<\/p>\n\n\n\n<p>Alertas!<\/p>\n\n\n\n<p>Quantos alertas nosso corpo precisa nos enviar para olharmos pra ele, de verdade!<\/p>\n\n\n\n<p>Sejamos mais atentos , gentis e cuidadosos com nosso corpo&#8230;<\/p>\n\n\n\n<p>Sejamos mais atentos, generosos e amorosos com nossa alma&#8230;<\/p>\n\n\n\n<p>Toda dor \u00e9 real&#8230;<\/p>\n\n\n\n<p>Toda dor \u00e9 trat\u00e1vel. ..<\/p>\n\n\n\n<p>Todo corpo deve ser templo&#8230;<\/p>\n\n\n\n<p>Toda alma deve ser leve&#8230; <\/p>\n\n\n\n<p>Roberta Fran\u00e7a &#8211;\u00a0M\u00e9dica Geriatra<\/p>\n","protected":false},"excerpt":{"rendered":"<p>TODA DOR \u00c9 REAL QUANDO TUDO D\u00d3I, A DOR N\u00c3O \u00c9 F\u00cdSICA. Quando ainda era acad\u00eamica ouvi de um professor algo que nunca esqueci &#8220;quando tudo doi a dor n\u00e3o \u00e9 f\u00edsica&#8221;&#8230; Talvez eu n\u00e3o tenha dimensionado naquele instante a grandeza desse di\u00e1logo. Hoje geriatra, vivenciando diariamente a rotina dos meus pacientes, vejo o quanto <a href=\"https:\/\/wandilsonramalho.com.br\/blog\/?p=6934\">&#8230;<\/a><\/p>\n","protected":false},"author":2,"featured_media":6937,"comment_status":"open","ping_status":"open","sticky":false,"template":"","format":"standard","meta":{"_jetpack_memberships_contains_paid_content":false,"footnotes":""},"categories":[38],"tags":[],"class_list":["post-6934","post","type-post","status-publish","format-standard","has-post-thumbnail","hentry","category-especiais"],"jetpack_featured_media_url":"https:\/\/i0.wp.com\/wandilsonramalho.com.br\/blog\/wp-content\/uploads\/2020\/09\/89612332_womanchestpain_istock_edited-1.jpg?fit=720%2C405&ssl=1","jetpack_sharing_enabled":true,"_links":{"self":[{"href":"https:\/\/wandilsonramalho.com.br\/blog\/index.php?rest_route=\/wp\/v2\/posts\/6934","targetHints":{"allow":["GET"]}}],"collection":[{"href":"https:\/\/wandilsonramalho.com.br\/blog\/index.php?rest_route=\/wp\/v2\/posts"}],"about":[{"href":"https:\/\/wandilsonramalho.com.br\/blog\/index.php?rest_route=\/wp\/v2\/types\/post"}],"author":[{"embeddable":true,"href":"https:\/\/wandilsonramalho.com.br\/blog\/index.php?rest_route=\/wp\/v2\/users\/2"}],"replies":[{"embeddable":true,"href":"https:\/\/wandilsonramalho.com.br\/blog\/index.php?rest_route=%2Fwp%2Fv2%2Fcomments&post=6934"}],"version-history":[{"count":2,"href":"https:\/\/wandilsonramalho.com.br\/blog\/index.php?rest_route=\/wp\/v2\/posts\/6934\/revisions"}],"predecessor-version":[{"id":6936,"href":"https:\/\/wandilsonramalho.com.br\/blog\/index.php?rest_route=\/wp\/v2\/posts\/6934\/revisions\/6936"}],"wp:featuredmedia":[{"embeddable":true,"href":"https:\/\/wandilsonramalho.com.br\/blog\/index.php?rest_route=\/wp\/v2\/media\/6937"}],"wp:attachment":[{"href":"https:\/\/wandilsonramalho.com.br\/blog\/index.php?rest_route=%2Fwp%2Fv2%2Fmedia&parent=6934"}],"wp:term":[{"taxonomy":"category","embeddable":true,"href":"https:\/\/wandilsonramalho.com.br\/blog\/index.php?rest_route=%2Fwp%2Fv2%2Fcategories&post=6934"},{"taxonomy":"post_tag","embeddable":true,"href":"https:\/\/wandilsonramalho.com.br\/blog\/index.php?rest_route=%2Fwp%2Fv2%2Ftags&post=6934"}],"curies":[{"name":"wp","href":"https:\/\/api.w.org\/{rel}","templated":true}]}}