{"id":6833,"date":"2020-09-02T01:02:33","date_gmt":"2020-09-02T04:02:33","guid":{"rendered":"https:\/\/wandilsonramalho.com.br\/blog\/?p=6833"},"modified":"2020-09-01T17:43:39","modified_gmt":"2020-09-01T20:43:39","slug":"poesia-de-fablo-tacito-de-oliveira","status":"publish","type":"post","link":"https:\/\/wandilsonramalho.com.br\/blog\/?p=6833","title":{"rendered":"poesia de fablo t\u00e1cito de oliveira"},"content":{"rendered":"\n<p>Fablo T\u00e1cito \u00e9 inteligente, um artista ..Aplausos ..<\/p>\n\n\n\n<p>Eis a sua poesia sobre o m\u00eas de setembro <\/p>\n\n\n\n<p>&#8220;Quando setembro chegar<\/p>\n\n\n\n<p>a vida h\u00e1 de melhorar.<\/p>\n\n\n\n<p>As caraubeiras come\u00e7ar\u00e3o a<\/p>\n\n\n\n<p>florescer<\/p>\n\n\n\n<p>jogando perfume no ar,<\/p>\n\n\n\n<p>enfeitando nosso amanhecer.<\/p>\n\n\n\n<p>Tudo ser\u00e1 um imenso quintal<\/p>\n\n\n\n<p>rosas nas ruas, plantas no ch\u00e3o,<\/p>\n\n\n\n<p>um verdadeiro jardim do \u00c9den<\/p>\n\n\n\n<p>em meio ao nosso torr\u00e3o.<\/p>\n\n\n\n<p>Uma nascente de luz<\/p>\n\n\n\n<p>clareando a esperan\u00e7a.<\/p>\n\n\n\n<p>Promessas de vacina ao entardecer<\/p>\n\n\n\n<p>em meio ao amarelo de nossos Yp\u00eas.<\/p>\n\n\n\n<p>Pandemia, ansiedade, agonia.<\/p>\n\n\n\n<p>Cores, odores,<\/p>\n\n\n\n<p>esperan\u00e7as e amores.<\/p>\n\n\n\n<p>Setembro amenizar\u00e1,&nbsp;<\/p>\n\n\n\n<p>com suas flores,<\/p>\n\n\n\n<p>as marcas e sequelas<\/p>\n\n\n\n<p>de seus antecessores.<\/p>\n\n\n\n<p>Seja setembro o abra\u00e7o<\/p>\n\n\n\n<p>que nos foi roubado<\/p>\n\n\n\n<p>de mar\u00e7o a agosto.<\/p>\n\n\n\n<p>Fablo T\u00e1cito De Oliveira&#8221;.<\/p>\n","protected":false},"excerpt":{"rendered":"<p>Fablo T\u00e1cito \u00e9 inteligente, um artista ..Aplausos .. Eis a sua poesia sobre o m\u00eas de setembro &#8220;Quando setembro chegar a vida h\u00e1 de melhorar. As caraubeiras come\u00e7ar\u00e3o a florescer jogando perfume no ar, enfeitando nosso amanhecer. Tudo ser\u00e1 um imenso quintal rosas nas ruas, plantas no ch\u00e3o, um verdadeiro jardim do \u00c9den em meio <a href=\"https:\/\/wandilsonramalho.com.br\/blog\/?p=6833\">&#8230;<\/a><\/p>\n","protected":false},"author":2,"featured_media":6837,"comment_status":"open","ping_status":"open","sticky":false,"template":"","format":"standard","meta":{"_jetpack_memberships_contains_paid_content":false,"footnotes":""},"categories":[1],"tags":[],"class_list":["post-6833","post","type-post","status-publish","format-standard","has-post-thumbnail","hentry","category-uncategorized"],"jetpack_featured_media_url":"https:\/\/i0.wp.com\/wandilsonramalho.com.br\/blog\/wp-content\/uploads\/2020\/09\/48378683_1864048477058182_5526826438331727872_n.jpg?fit=392%2C522&ssl=1","jetpack_sharing_enabled":true,"_links":{"self":[{"href":"https:\/\/wandilsonramalho.com.br\/blog\/index.php?rest_route=\/wp\/v2\/posts\/6833","targetHints":{"allow":["GET"]}}],"collection":[{"href":"https:\/\/wandilsonramalho.com.br\/blog\/index.php?rest_route=\/wp\/v2\/posts"}],"about":[{"href":"https:\/\/wandilsonramalho.com.br\/blog\/index.php?rest_route=\/wp\/v2\/types\/post"}],"author":[{"embeddable":true,"href":"https:\/\/wandilsonramalho.com.br\/blog\/index.php?rest_route=\/wp\/v2\/users\/2"}],"replies":[{"embeddable":true,"href":"https:\/\/wandilsonramalho.com.br\/blog\/index.php?rest_route=%2Fwp%2Fv2%2Fcomments&post=6833"}],"version-history":[{"count":3,"href":"https:\/\/wandilsonramalho.com.br\/blog\/index.php?rest_route=\/wp\/v2\/posts\/6833\/revisions"}],"predecessor-version":[{"id":6838,"href":"https:\/\/wandilsonramalho.com.br\/blog\/index.php?rest_route=\/wp\/v2\/posts\/6833\/revisions\/6838"}],"wp:featuredmedia":[{"embeddable":true,"href":"https:\/\/wandilsonramalho.com.br\/blog\/index.php?rest_route=\/wp\/v2\/media\/6837"}],"wp:attachment":[{"href":"https:\/\/wandilsonramalho.com.br\/blog\/index.php?rest_route=%2Fwp%2Fv2%2Fmedia&parent=6833"}],"wp:term":[{"taxonomy":"category","embeddable":true,"href":"https:\/\/wandilsonramalho.com.br\/blog\/index.php?rest_route=%2Fwp%2Fv2%2Fcategories&post=6833"},{"taxonomy":"post_tag","embeddable":true,"href":"https:\/\/wandilsonramalho.com.br\/blog\/index.php?rest_route=%2Fwp%2Fv2%2Ftags&post=6833"}],"curies":[{"name":"wp","href":"https:\/\/api.w.org\/{rel}","templated":true}]}}