{"id":6826,"date":"2020-09-01T08:01:18","date_gmt":"2020-09-01T11:01:18","guid":{"rendered":"https:\/\/wandilsonramalho.com.br\/blog\/?p=6826"},"modified":"2020-09-01T08:01:20","modified_gmt":"2020-09-01T11:01:20","slug":"paroquia-de-caraubas-celebra-162-anos-de-historia","status":"publish","type":"post","link":"https:\/\/wandilsonramalho.com.br\/blog\/?p=6826","title":{"rendered":"par\u00f3quia de cara\u00fabas celebra 162 anos de hist\u00f3ria .."},"content":{"rendered":"\n<p>A hist\u00f3ria escrita com louvor ..com gl\u00f3rias , com dificuldades ..<\/p>\n\n\n\n<p>A Par\u00f3quia de Cara\u00fabas \/Rn , hoje celebra seus 162 anos de hist\u00f3ria ..<\/p>\n\n\n\n<p>Quantas hist\u00f3rias !!<\/p>\n\n\n\n<p>Muitos sacerdotes deram suas vidas em favor desta par\u00f3quia ..<\/p>\n\n\n\n<p>Muitos fi\u00e9is colaboraram e colaboram  fielmente..com seus trabalhos volunt\u00e1rios ..\u00f3 gl\u00f3ria !!<\/p>\n\n\n\n<p>Muitas b\u00ean\u00e7\u00e3os !!<br>Viva S\u00e3o Sebasti\u00e3o!!<br>Viva o povo de Cara\u00fabas!<\/p>\n\n\n\n<p>Em destaque o atual Administrador Paroquial Padre Demetrio Junior ..<br><\/p>\n","protected":false},"excerpt":{"rendered":"<p>A hist\u00f3ria escrita com louvor ..com gl\u00f3rias , com dificuldades .. A Par\u00f3quia de Cara\u00fabas \/Rn , hoje celebra seus 162 anos de hist\u00f3ria .. Quantas hist\u00f3rias !! Muitos sacerdotes deram suas vidas em favor desta par\u00f3quia .. Muitos fi\u00e9is colaboraram e colaboram fielmente..com seus trabalhos volunt\u00e1rios ..\u00f3 gl\u00f3ria !! Muitas b\u00ean\u00e7\u00e3os !!Viva S\u00e3o Sebasti\u00e3o!!Viva <a href=\"https:\/\/wandilsonramalho.com.br\/blog\/?p=6826\">&#8230;<\/a><\/p>\n","protected":false},"author":2,"featured_media":6828,"comment_status":"open","ping_status":"open","sticky":false,"template":"","format":"standard","meta":{"_jetpack_memberships_contains_paid_content":false,"footnotes":""},"categories":[1,38],"tags":[],"class_list":["post-6826","post","type-post","status-publish","format-standard","has-post-thumbnail","hentry","category-uncategorized","category-especiais"],"jetpack_featured_media_url":"https:\/\/i0.wp.com\/wandilsonramalho.com.br\/blog\/wp-content\/uploads\/2020\/09\/51926012_2590117717681426_5452216336639852544_o.jpg?fit=480%2C540&ssl=1","jetpack_sharing_enabled":true,"_links":{"self":[{"href":"https:\/\/wandilsonramalho.com.br\/blog\/index.php?rest_route=\/wp\/v2\/posts\/6826","targetHints":{"allow":["GET"]}}],"collection":[{"href":"https:\/\/wandilsonramalho.com.br\/blog\/index.php?rest_route=\/wp\/v2\/posts"}],"about":[{"href":"https:\/\/wandilsonramalho.com.br\/blog\/index.php?rest_route=\/wp\/v2\/types\/post"}],"author":[{"embeddable":true,"href":"https:\/\/wandilsonramalho.com.br\/blog\/index.php?rest_route=\/wp\/v2\/users\/2"}],"replies":[{"embeddable":true,"href":"https:\/\/wandilsonramalho.com.br\/blog\/index.php?rest_route=%2Fwp%2Fv2%2Fcomments&post=6826"}],"version-history":[{"count":2,"href":"https:\/\/wandilsonramalho.com.br\/blog\/index.php?rest_route=\/wp\/v2\/posts\/6826\/revisions"}],"predecessor-version":[{"id":6829,"href":"https:\/\/wandilsonramalho.com.br\/blog\/index.php?rest_route=\/wp\/v2\/posts\/6826\/revisions\/6829"}],"wp:featuredmedia":[{"embeddable":true,"href":"https:\/\/wandilsonramalho.com.br\/blog\/index.php?rest_route=\/wp\/v2\/media\/6828"}],"wp:attachment":[{"href":"https:\/\/wandilsonramalho.com.br\/blog\/index.php?rest_route=%2Fwp%2Fv2%2Fmedia&parent=6826"}],"wp:term":[{"taxonomy":"category","embeddable":true,"href":"https:\/\/wandilsonramalho.com.br\/blog\/index.php?rest_route=%2Fwp%2Fv2%2Fcategories&post=6826"},{"taxonomy":"post_tag","embeddable":true,"href":"https:\/\/wandilsonramalho.com.br\/blog\/index.php?rest_route=%2Fwp%2Fv2%2Ftags&post=6826"}],"curies":[{"name":"wp","href":"https:\/\/api.w.org\/{rel}","templated":true}]}}