{"id":6772,"date":"2020-08-28T06:25:05","date_gmt":"2020-08-28T09:25:05","guid":{"rendered":"https:\/\/wandilsonramalho.com.br\/blog\/?p=6772"},"modified":"2020-08-28T06:26:18","modified_gmt":"2020-08-28T09:26:18","slug":"wandilson-ralho-celebra-20-anos-de-colunismo-social","status":"publish","type":"post","link":"https:\/\/wandilsonramalho.com.br\/blog\/?p=6772","title":{"rendered":"WANDILSON RAmaLHO  CELEBRA 20 ANOS DE COLUNISMO SOCIAL"},"content":{"rendered":"\n<p>O caraubense que ama sua terra, seu povo, sua familia, seus amigos , hoje , comemora vinte anos no mundo da comunica\u00e7\u00e3o.<\/p>\n\n\n\n<p>Comemora sim, honrando sua hist\u00f3ria ..no colunismo social ..<\/p>\n\n\n\n<p>Aplausos!!Aplausos!<\/p>\n\n\n\n<p>Tica Soares <\/p>\n","protected":false},"excerpt":{"rendered":"<p>O caraubense que ama sua terra, seu povo, sua familia, seus amigos , hoje , comemora vinte anos no mundo da comunica\u00e7\u00e3o. Comemora sim, honrando sua hist\u00f3ria ..no colunismo social .. Aplausos!!Aplausos! Tica Soares <a href=\"https:\/\/wandilsonramalho.com.br\/blog\/?p=6772\">&#8230;<\/a><\/p>\n","protected":false},"author":2,"featured_media":6773,"comment_status":"open","ping_status":"open","sticky":false,"template":"","format":"standard","meta":{"_jetpack_memberships_contains_paid_content":false,"footnotes":""},"categories":[29],"tags":[],"class_list":["post-6772","post","type-post","status-publish","format-standard","has-post-thumbnail","hentry","category-gente-chique"],"jetpack_featured_media_url":"https:\/\/i0.wp.com\/wandilsonramalho.com.br\/blog\/wp-content\/uploads\/2020\/08\/10155821_10200755920740365_837175683_n.jpg?fit=461%2C628&ssl=1","jetpack_sharing_enabled":true,"_links":{"self":[{"href":"https:\/\/wandilsonramalho.com.br\/blog\/index.php?rest_route=\/wp\/v2\/posts\/6772","targetHints":{"allow":["GET"]}}],"collection":[{"href":"https:\/\/wandilsonramalho.com.br\/blog\/index.php?rest_route=\/wp\/v2\/posts"}],"about":[{"href":"https:\/\/wandilsonramalho.com.br\/blog\/index.php?rest_route=\/wp\/v2\/types\/post"}],"author":[{"embeddable":true,"href":"https:\/\/wandilsonramalho.com.br\/blog\/index.php?rest_route=\/wp\/v2\/users\/2"}],"replies":[{"embeddable":true,"href":"https:\/\/wandilsonramalho.com.br\/blog\/index.php?rest_route=%2Fwp%2Fv2%2Fcomments&post=6772"}],"version-history":[{"count":2,"href":"https:\/\/wandilsonramalho.com.br\/blog\/index.php?rest_route=\/wp\/v2\/posts\/6772\/revisions"}],"predecessor-version":[{"id":6775,"href":"https:\/\/wandilsonramalho.com.br\/blog\/index.php?rest_route=\/wp\/v2\/posts\/6772\/revisions\/6775"}],"wp:featuredmedia":[{"embeddable":true,"href":"https:\/\/wandilsonramalho.com.br\/blog\/index.php?rest_route=\/wp\/v2\/media\/6773"}],"wp:attachment":[{"href":"https:\/\/wandilsonramalho.com.br\/blog\/index.php?rest_route=%2Fwp%2Fv2%2Fmedia&parent=6772"}],"wp:term":[{"taxonomy":"category","embeddable":true,"href":"https:\/\/wandilsonramalho.com.br\/blog\/index.php?rest_route=%2Fwp%2Fv2%2Fcategories&post=6772"},{"taxonomy":"post_tag","embeddable":true,"href":"https:\/\/wandilsonramalho.com.br\/blog\/index.php?rest_route=%2Fwp%2Fv2%2Ftags&post=6772"}],"curies":[{"name":"wp","href":"https:\/\/api.w.org\/{rel}","templated":true}]}}