{"id":6758,"date":"2020-08-28T01:25:29","date_gmt":"2020-08-28T04:25:29","guid":{"rendered":"https:\/\/wandilsonramalho.com.br\/blog\/?p=6758"},"modified":"2020-08-27T19:49:53","modified_gmt":"2020-08-27T22:49:53","slug":"20-anos-do-jornal-de-fato-aplausos-para-cesar-santos","status":"publish","type":"post","link":"https:\/\/wandilsonramalho.com.br\/blog\/?p=6758","title":{"rendered":"20 anos do jornal de fato .aPLAUSOS PARA CESAR SANTOS."},"content":{"rendered":"\n<p>Vandilson Ramalho escreveu em sua coluna <\/p>\n\n\n\n<p>VINTE ANOS<\/p>\n\n\n\n<p>No dia 28 de agosto de 2000, numa noite memor\u00e1vel surgia o JORNAL DE FATO, um sonho realizado do jornalista C\u00e9sar Santos. Passaram 20 anos e hoje &nbsp;podemos comemorar todas conquistas, os pr\u00eamios em diversos concursos, a credibilidade junto ao leitor, a confian\u00e7a da sociedade &nbsp;nas not\u00edcias &nbsp;publicadas. Enfim , hoje \u00e9 dia de celebrar o jornalismo de verdade.&nbsp;<\/p>\n\n\n\n<p>CARA\u00daBAS &nbsp;&nbsp;<\/p>\n\n\n\n<p>Cara\u00fabas h\u00e1 vinte anos privilegiada com o Jornal de Fato, atrav\u00e9s desta coluna. Quanta responsabilidade de em poder destacar diariamente minha terra, meu povo, nosso povo, nossa Cara\u00fabas. \u00c9 atrav\u00e9s desta coluna que h\u00e1 20 anos tenho a miss\u00e3o de honestamente contar hist\u00f3rias, reconhecer o trabalho de muitos profissionais, acompanhar o crescimento da cidade e hoje minhas palavras s\u00e3o de gratid\u00e3o a Deus, ao meu amigo, irm\u00e3o C\u00e9sar Santos pela confian\u00e7a e oportunidade de abrir este espa\u00e7o para nossa Cara\u00fabas-RN.<\/p>\n\n\n\n<p>Hoje, \u00a0\u00e9 dia de dizer, muito obrigado!<\/p>\n\n\n\n<p>Eu, Tica Soares, digo:<br>Aplausos , para Cesar Santos !<\/p>\n\n\n\n<p>Aplausos, para Vandilson Ramalho -vinte anos de colunismo !!<\/p>\n","protected":false},"excerpt":{"rendered":"<p>Vandilson Ramalho escreveu em sua coluna VINTE ANOS No dia 28 de agosto de 2000, numa noite memor\u00e1vel surgia o JORNAL DE FATO, um sonho realizado do jornalista C\u00e9sar Santos. Passaram 20 anos e hoje &nbsp;podemos comemorar todas conquistas, os pr\u00eamios em diversos concursos, a credibilidade junto ao leitor, a confian\u00e7a da sociedade &nbsp;nas not\u00edcias <a href=\"https:\/\/wandilsonramalho.com.br\/blog\/?p=6758\">&#8230;<\/a><\/p>\n","protected":false},"author":2,"featured_media":6763,"comment_status":"open","ping_status":"open","sticky":false,"template":"","format":"standard","meta":{"_jetpack_memberships_contains_paid_content":false,"footnotes":""},"categories":[38],"tags":[],"class_list":["post-6758","post","type-post","status-publish","format-standard","has-post-thumbnail","hentry","category-especiais"],"jetpack_featured_media_url":"https:\/\/i0.wp.com\/wandilsonramalho.com.br\/blog\/wp-content\/uploads\/2020\/08\/90108966_839722859835853_711113594850246656_n.jpg?fit=909%2C909&ssl=1","jetpack_sharing_enabled":true,"_links":{"self":[{"href":"https:\/\/wandilsonramalho.com.br\/blog\/index.php?rest_route=\/wp\/v2\/posts\/6758","targetHints":{"allow":["GET"]}}],"collection":[{"href":"https:\/\/wandilsonramalho.com.br\/blog\/index.php?rest_route=\/wp\/v2\/posts"}],"about":[{"href":"https:\/\/wandilsonramalho.com.br\/blog\/index.php?rest_route=\/wp\/v2\/types\/post"}],"author":[{"embeddable":true,"href":"https:\/\/wandilsonramalho.com.br\/blog\/index.php?rest_route=\/wp\/v2\/users\/2"}],"replies":[{"embeddable":true,"href":"https:\/\/wandilsonramalho.com.br\/blog\/index.php?rest_route=%2Fwp%2Fv2%2Fcomments&post=6758"}],"version-history":[{"count":3,"href":"https:\/\/wandilsonramalho.com.br\/blog\/index.php?rest_route=\/wp\/v2\/posts\/6758\/revisions"}],"predecessor-version":[{"id":6764,"href":"https:\/\/wandilsonramalho.com.br\/blog\/index.php?rest_route=\/wp\/v2\/posts\/6758\/revisions\/6764"}],"wp:featuredmedia":[{"embeddable":true,"href":"https:\/\/wandilsonramalho.com.br\/blog\/index.php?rest_route=\/wp\/v2\/media\/6763"}],"wp:attachment":[{"href":"https:\/\/wandilsonramalho.com.br\/blog\/index.php?rest_route=%2Fwp%2Fv2%2Fmedia&parent=6758"}],"wp:term":[{"taxonomy":"category","embeddable":true,"href":"https:\/\/wandilsonramalho.com.br\/blog\/index.php?rest_route=%2Fwp%2Fv2%2Fcategories&post=6758"},{"taxonomy":"post_tag","embeddable":true,"href":"https:\/\/wandilsonramalho.com.br\/blog\/index.php?rest_route=%2Fwp%2Fv2%2Ftags&post=6758"}],"curies":[{"name":"wp","href":"https:\/\/api.w.org\/{rel}","templated":true}]}}